{"id":7534,"date":"2025-03-03T09:56:55","date_gmt":"2025-03-03T08:56:55","guid":{"rendered":"https:\/\/welterbe-grumsin.de\/2025\/03\/03\/lecture-series-2025-in-altkuenkendorf\/"},"modified":"2025-03-10T09:41:33","modified_gmt":"2025-03-10T08:41:33","slug":"lecture-series-2025-in-altkuenkendorf","status":"publish","type":"post","link":"https:\/\/welterbe-grumsin.de\/en\/2025\/03\/03\/lecture-series-2025-in-altkuenkendorf\/","title":{"rendered":"Lecture series 2025 in Altk\u00fcnkendorf"},"content":{"rendered":"\t\t<div data-elementor-type=\"wp-post\" data-elementor-id=\"7534\" class=\"elementor elementor-7534 elementor-7365\" data-elementor-post-type=\"post\">\n\t\t\t\t<div class=\"elementor-element elementor-element-f435258 e-flex e-con-boxed e-con e-parent\" data-id=\"f435258\" data-element_type=\"container\" data-e-type=\"container\">\n\t\t\t\t\t<div class=\"e-con-inner\">\n\t\t\t\t<div class=\"elementor-element elementor-element-74a4484 elementor-widget elementor-widget-heading\" data-id=\"74a4484\" data-element_type=\"widget\" data-e-type=\"widget\" data-widget_type=\"heading.default\">\n\t\t\t\t<div class=\"elementor-widget-container\">\n\t\t\t\t\t<h2 class=\"elementor-heading-title elementor-size-default\">New series of lectures on the UNESCO World Heritage Site Grumsin Beech Forest 2025<\/h2>\t\t\t\t<\/div>\n\t\t\t\t<\/div>\n\t\t\t\t\t<\/div>\n\t\t\t\t<\/div>\n\t\t<div class=\"elementor-element elementor-element-ebeaa3e e-flex e-con-boxed e-con e-parent\" data-id=\"ebeaa3e\" data-element_type=\"container\" data-e-type=\"container\">\n\t\t\t\t\t<div class=\"e-con-inner\">\n\t\t\t\t<div class=\"elementor-element elementor-element-b14986b elementor-widget elementor-widget-heading\" data-id=\"b14986b\" data-element_type=\"widget\" data-e-type=\"widget\" data-widget_type=\"heading.default\">\n\t\t\t\t<div class=\"elementor-widget-container\">\n\t\t\t\t\t<h3 class=\"elementor-heading-title elementor-size-default\">Dates, topics and speakers at a glance<\/h3>\t\t\t\t<\/div>\n\t\t\t\t<\/div>\n\t\t\t\t\t<\/div>\n\t\t\t\t<\/div>\n\t\t<div class=\"elementor-element elementor-element-1892293 e-flex e-con-boxed e-con e-parent\" data-id=\"1892293\" data-element_type=\"container\" data-e-type=\"container\">\n\t\t\t\t\t<div class=\"e-con-inner\">\n\t\t\t\t<div class=\"elementor-element elementor-element-05fc16d elementor-widget elementor-widget-text-editor\" data-id=\"05fc16d\" data-element_type=\"widget\" data-e-type=\"widget\" data-widget_type=\"text-editor.default\">\n\t\t\t\t<div class=\"elementor-widget-container\">\n\t\t\t\t\t\t\t\t\t<p class=\"cvGsUA direction-ltr align-center para-style-body\"><strong><span class=\"OYPEnA font-feature-liga-off font-feature-clig-off font-feature-calt-off text-decoration-none text-strikethrough-none\">April 12, 2025<\/span><\/strong><span class=\"OYPEnA font-feature-liga-off font-feature-clig-off font-feature-calt-off text-decoration-none text-strikethrough-none\">&#8220;The conference of the trees &#8211; the modern fairy tale tells of the meeting of European trees in the Grumsin beech forest who fear for their future&#8221;, Speaker: Roland Schulz, certified nature and landscape guide<\/span><\/p>\n<p class=\"cvGsUA direction-ltr align-center para-style-body\"><strong><span class=\"OYPEnA font-feature-liga-off font-feature-clig-off font-feature-calt-off text-decoration-none text-strikethrough-none\">April 26, 2025<\/span><\/strong><span class=\"OYPEnA font-feature-liga-off font-feature-clig-off font-feature-calt-off text-decoration-none text-strikethrough-none\">&#8220;News from research and monitoring from the Grumsin Beech Forest World Heritage Site and other beech forests&#8221;, Speaker: Dr. Benjamin Herold, UNESCO Biosphere Reserve Schorfheide-Chorin<\/span><\/p>\n<p class=\"cvGsUA direction-ltr align-center para-style-body\"><strong><span class=\"OYPEnA font-feature-liga-off font-feature-clig-off font-feature-calt-off text-decoration-none text-strikethrough-none\">May 10, 2025<\/span><\/strong><span class=\"OYPEnA font-feature-liga-off font-feature-clig-off font-feature-calt-off text-decoration-none text-strikethrough-none\">&#8220;Poaching in the Schorfheide and surrounding area&#8221;, speaker: Dr. Lutz Libert, museologist and ethnologist<\/span><\/p>\n<p class=\"cvGsUA direction-ltr align-center para-style-body\"><strong><span class=\"OYPEnA font-feature-liga-off font-feature-clig-off font-feature-calt-off text-decoration-none text-strikethrough-none\">May 24, 2025<\/span><\/strong><span class=\"OYPEnA font-feature-liga-off font-feature-clig-off font-feature-calt-off text-decoration-none text-strikethrough-none\">&#8220;The shy wildcat (Felis silvestris) in the Schorfheide-Chorin biosphere reserve&#8221;, speaker: Tilly Sch\u00f6nlebe, Brandenburg Nature Conservancy<\/span><\/p>\n<p class=\"cvGsUA direction-ltr align-center para-style-body\"><strong><span class=\"OYPEnA font-feature-liga-off font-feature-clig-off font-feature-calt-off text-decoration-none text-strikethrough-none\">June 14, 2025<\/span><\/strong><span class=\"OYPEnA font-feature-liga-off font-feature-clig-off font-feature-calt-off text-decoration-none text-strikethrough-none\">&#8220;Archaeological finds around the Grumsin beech forest &#8211; from the Stone Age to the Iron Age (10,000-500 BC)&#8221;, Speaker: Dr. Kerstin Kirsch, Geopark Gro\u00df-Ziethen employee<\/span><\/p>\n<p class=\"cvGsUA direction-ltr align-center para-style-body\"><strong><span class=\"OYPEnA font-feature-liga-off font-feature-clig-off font-feature-calt-off text-decoration-none text-strikethrough-none\">June 28, 2025<\/span><\/strong><span class=\"OYPEnA font-feature-liga-off font-feature-clig-off font-feature-calt-off text-decoration-none text-strikethrough-none\">&#8220;Little flycatcher, wood sandpiper and middle spotted woodpecker: ornithological treasures in the Grumsin beech forest&#8221;, speaker: Dr. Martin Flade, former head of the UNESCO biosphere reserve Schorfheide-Chorin <\/span><\/p>\n<p class=\"cvGsUA direction-ltr align-center para-style-body\"><strong><span class=\"OYPEnA font-feature-liga-off font-feature-clig-off font-feature-calt-off text-decoration-none text-strikethrough-none\">July 12, 2025<\/span><\/strong>: <span class=\"OYPEnA font-feature-liga-off font-feature-clig-off font-feature-calt-off text-decoration-none text-strikethrough-none\">&#8220;Tinder fungus, beech slime fungus &amp; Co. &#8211; mushrooms in the near-natural beech forest, their way of life and importance&#8221;, speaker: Simone Thurm, mushroom nature guide<\/span><\/p>\n<p class=\"cvGsUA direction-ltr align-center para-style-body\"><strong><span class=\"OYPEnA font-feature-liga-off font-feature-clig-off font-feature-calt-off text-decoration-none text-strikethrough-none\">September 13, 2025<\/span><\/strong><span class=\"OYPEnA font-feature-liga-off font-feature-clig-off font-feature-calt-off text-decoration-none text-strikethrough-none\">&#8220;Differences between wild and honey bees and their habitat in the immediate vicinity of the UNESCO World Heritage Site&#8221;, Speaker: Friederike-Baasner-Weihs, beekeeper<\/span><\/p>\n<p class=\"cvGsUA direction-ltr align-center para-style-body\"><strong><span class=\"OYPEnA font-feature-liga-off font-feature-clig-off font-feature-calt-off text-decoration-none text-strikethrough-none\">September 27, 2025<\/span><\/strong><span class=\"OYPEnA font-feature-liga-off font-feature-clig-off font-feature-calt-off text-decoration-none text-strikethrough-none\"><strong>&#8220;<\/strong> The cycle of the beech forest in research and practice&#8221;, Speaker: Dr. Susanne Winter, Head of the UNESCO Biosphere Reserve Schorfheide-Chorin<\/span><\/p>\n<p class=\"cvGsUA direction-ltr align-center para-style-body\"><strong><span class=\"OYPEnA font-feature-liga-off font-feature-clig-off font-feature-calt-off text-decoration-none text-strikethrough-none\">October 11, 2025<\/span><\/strong><span class=\"OYPEnA font-feature-liga-off font-feature-clig-off font-feature-calt-off text-decoration-none text-strikethrough-none\">&#8220;The peculiarity of the fence-setting villages part 2&#8221;, Speaker: Arno Gielsdorf<\/span><\/p>\n<p class=\"cvGsUA direction-ltr align-center para-style-body\"><span class=\"OYPEnA font-feature-liga-off font-feature-clig-off font-feature-calt-off text-decoration-none text-strikethrough-none\">Place and time<\/span><\/p>\n<p class=\"cvGsUA direction-ltr align-center para-style-body\"><span class=\"OYPEnA font-feature-liga-off font-feature-clig-off font-feature-calt-off text-decoration-none text-strikethrough-none\">The lectures will take place at 15:00 in the information point of the UNESCO World Natural Heritage Site Grumsin Beech Forest in Altk\u00fcnkendorf, Altk\u00fcnkendorfer Stra\u00dfe 20. Admission is free and no registration is required. The lecture, including discussion, lasts about an hour, so you can travel to and from the event on the World Heritage bus. Use this overview page on the website for travel options    <\/span><a class=\"OYPEnA font-feature-liga-off font-feature-clig-off font-feature-calt-off text-decoration-underline text-strikethrough-none\" draggable=\"false\" href=\"https:\/\/welterbe-grumsin.de\/en\/directions\/\" target=\"_blank\" rel=\"noopener\">https:\/\/welterbe-grumsin.de\/anreise-grumsin-karte-parken\/<\/a><span class=\"OYPEnA font-feature-liga-off font-feature-clig-off font-feature-calt-off text-decoration-none text-strikethrough-none\">.<\/span><\/p>\n<p class=\"cvGsUA direction-ltr align-center para-style-body\"><span class=\"OYPEnA font-feature-liga-off font-feature-clig-off font-feature-calt-off text-decoration-none text-strikethrough-none\">ATTENTION: The lectures will only be held in German!<\/span><\/p>\n<p class=\"cvGsUA direction-ltr align-center para-style-body\">\n\t\t\t\t\t\t\t\t<\/div>\n\t\t\t\t<\/div>\n\t\t\t\t\t<\/div>\n\t\t\t\t<\/div>\n\t\t<div class=\"elementor-element elementor-element-05d0095 e-flex e-con-boxed e-con e-parent\" data-id=\"05d0095\" data-element_type=\"container\" data-e-type=\"container\">\n\t\t\t\t\t<div class=\"e-con-inner\">\n\t\t\t\t<div class=\"elementor-element elementor-element-df3f6a4 elementor-widget elementor-widget-image\" data-id=\"df3f6a4\" data-element_type=\"widget\" data-e-type=\"widget\" data-widget_type=\"image.default\">\n\t\t\t\t<div class=\"elementor-widget-container\">\n\t\t\t\t\t\t\t\t\t\t\t\t\t\t\t<img fetchpriority=\"high\" decoding=\"async\" width=\"724\" height=\"1024\" src=\"https:\/\/welterbe-grumsin.de\/wp-content\/uploads\/2025\/03\/A4-724x1024.jpg\" class=\"attachment-large size-large wp-image-7566\" alt=\"Weltnaturerbe Vortragsreihe 2025\" srcset=\"https:\/\/welterbe-grumsin.de\/wp-content\/uploads\/2025\/03\/A4-724x1024.jpg 724w, https:\/\/welterbe-grumsin.de\/wp-content\/uploads\/2025\/03\/A4-212x300.jpg 212w, https:\/\/welterbe-grumsin.de\/wp-content\/uploads\/2025\/03\/A4-768x1087.jpg 768w, https:\/\/welterbe-grumsin.de\/wp-content\/uploads\/2025\/03\/A4-1086x1536.jpg 1086w, https:\/\/welterbe-grumsin.de\/wp-content\/uploads\/2025\/03\/A4.jpg 1357w\" sizes=\"(max-width: 724px) 100vw, 724px\" \/>\t\t\t\t\t\t\t\t\t\t\t\t\t\t\t<\/div>\n\t\t\t\t<\/div>\n\t\t\t\t\t<\/div>\n\t\t\t\t<\/div>\n\t\t\t\t<\/div>\n\t\t","protected":false},"excerpt":{"rendered":"<p>New series of lectures on the UNESCO World Heritage Site Grumsin Beech Forest 2025 Dates, topics and speakers at a glance April 12, 2025&#8220;The conference of the trees &#8211; the modern fairy tale tells of the meeting of European trees in the Grumsin beech forest who fear for their future&#8221;, Speaker: Roland Schulz, certified nature [&hellip;]<\/p>\n","protected":false},"author":2,"featured_media":7566,"comment_status":"closed","ping_status":"closed","sticky":false,"template":"","format":"standard","meta":{"_acf_changed":false,"inline_featured_image":false,"footnotes":""},"categories":[67,70],"tags":[],"class_list":["post-7534","post","type-post","status-publish","format-standard","has-post-thumbnail","hentry","category-aktuelles-en","category-termine-en"],"acf":[],"yoast_head":"<!-- This site is optimized with the Yoast SEO plugin v27.5 - https:\/\/yoast.com\/product\/yoast-seo-wordpress\/ -->\n<title>Lecture series 2025 in Altk\u00fcnkendorf - Infopunkt Weltnaturerbe Brandenburgs UNESCO<\/title>\n<meta name=\"robots\" content=\"index, follow, max-snippet:-1, max-image-preview:large, max-video-preview:-1\" \/>\n<link rel=\"canonical\" href=\"https:\/\/welterbe-grumsin.de\/en\/2025\/03\/03\/lecture-series-2025-in-altkuenkendorf\/\" \/>\n<meta property=\"og:locale\" content=\"en_US\" \/>\n<meta property=\"og:type\" content=\"article\" \/>\n<meta property=\"og:title\" content=\"Lecture series 2025 in Altk\u00fcnkendorf - Infopunkt Weltnaturerbe Brandenburgs UNESCO\" \/>\n<meta property=\"og:description\" content=\"New series of lectures on the UNESCO World Heritage Site Grumsin Beech Forest 2025 Dates, topics and speakers at a glance April 12, 2025&#8220;The conference of the trees &#8211; the modern fairy tale tells of the meeting of European trees in the Grumsin beech forest who fear for their future&#8221;, Speaker: Roland Schulz, certified nature [&hellip;]\" \/>\n<meta property=\"og:url\" content=\"https:\/\/welterbe-grumsin.de\/en\/2025\/03\/03\/lecture-series-2025-in-altkuenkendorf\/\" \/>\n<meta property=\"og:site_name\" content=\"Infopunkt Weltnaturerbe Brandenburgs UNESCO\" \/>\n<meta property=\"article:published_time\" content=\"2025-03-03T08:56:55+00:00\" \/>\n<meta property=\"article:modified_time\" content=\"2025-03-10T08:41:33+00:00\" \/>\n<meta property=\"og:image\" content=\"https:\/\/welterbe-grumsin.de\/wp-content\/uploads\/2025\/03\/A4.jpg\" \/>\n\t<meta property=\"og:image:width\" content=\"1357\" \/>\n\t<meta property=\"og:image:height\" content=\"1920\" \/>\n\t<meta property=\"og:image:type\" content=\"image\/jpeg\" \/>\n<meta name=\"author\" content=\"Admin_Grumsin\" \/>\n<meta name=\"twitter:card\" content=\"summary_large_image\" \/>\n<meta name=\"twitter:label1\" content=\"Written by\" \/>\n\t<meta name=\"twitter:data1\" content=\"Admin_Grumsin\" \/>\n\t<meta name=\"twitter:label2\" content=\"Est. reading time\" \/>\n\t<meta name=\"twitter:data2\" content=\"2 minutes\" \/>\n<script type=\"application\/ld+json\" class=\"yoast-schema-graph\">{\"@context\":\"https:\\\/\\\/schema.org\",\"@graph\":[{\"@type\":\"Article\",\"@id\":\"https:\\\/\\\/welterbe-grumsin.de\\\/en\\\/2025\\\/03\\\/03\\\/lecture-series-2025-in-altkuenkendorf\\\/#article\",\"isPartOf\":{\"@id\":\"https:\\\/\\\/welterbe-grumsin.de\\\/en\\\/2025\\\/03\\\/03\\\/lecture-series-2025-in-altkuenkendorf\\\/\"},\"author\":{\"name\":\"Admin_Grumsin\",\"@id\":\"https:\\\/\\\/welterbe-grumsin.de\\\/en\\\/#\\\/schema\\\/person\\\/cba586e3b17790f0ad0bd5df03548c14\"},\"headline\":\"Lecture series 2025 in Altk\u00fcnkendorf\",\"datePublished\":\"2025-03-03T08:56:55+00:00\",\"dateModified\":\"2025-03-10T08:41:33+00:00\",\"mainEntityOfPage\":{\"@id\":\"https:\\\/\\\/welterbe-grumsin.de\\\/en\\\/2025\\\/03\\\/03\\\/lecture-series-2025-in-altkuenkendorf\\\/\"},\"wordCount\":341,\"publisher\":{\"@id\":\"https:\\\/\\\/welterbe-grumsin.de\\\/en\\\/#organization\"},\"image\":{\"@id\":\"https:\\\/\\\/welterbe-grumsin.de\\\/en\\\/2025\\\/03\\\/03\\\/lecture-series-2025-in-altkuenkendorf\\\/#primaryimage\"},\"thumbnailUrl\":\"https:\\\/\\\/welterbe-grumsin.de\\\/wp-content\\\/uploads\\\/2025\\\/03\\\/A4-e1744719203900.jpg\",\"articleSection\":[\"Aktuelles\",\"Termine\"],\"inLanguage\":\"en-US\"},{\"@type\":\"WebPage\",\"@id\":\"https:\\\/\\\/welterbe-grumsin.de\\\/en\\\/2025\\\/03\\\/03\\\/lecture-series-2025-in-altkuenkendorf\\\/\",\"url\":\"https:\\\/\\\/welterbe-grumsin.de\\\/en\\\/2025\\\/03\\\/03\\\/lecture-series-2025-in-altkuenkendorf\\\/\",\"name\":\"Lecture series 2025 in Altk\u00fcnkendorf - Infopunkt Weltnaturerbe Brandenburgs UNESCO\",\"isPartOf\":{\"@id\":\"https:\\\/\\\/welterbe-grumsin.de\\\/en\\\/#website\"},\"primaryImageOfPage\":{\"@id\":\"https:\\\/\\\/welterbe-grumsin.de\\\/en\\\/2025\\\/03\\\/03\\\/lecture-series-2025-in-altkuenkendorf\\\/#primaryimage\"},\"image\":{\"@id\":\"https:\\\/\\\/welterbe-grumsin.de\\\/en\\\/2025\\\/03\\\/03\\\/lecture-series-2025-in-altkuenkendorf\\\/#primaryimage\"},\"thumbnailUrl\":\"https:\\\/\\\/welterbe-grumsin.de\\\/wp-content\\\/uploads\\\/2025\\\/03\\\/A4-e1744719203900.jpg\",\"datePublished\":\"2025-03-03T08:56:55+00:00\",\"dateModified\":\"2025-03-10T08:41:33+00:00\",\"breadcrumb\":{\"@id\":\"https:\\\/\\\/welterbe-grumsin.de\\\/en\\\/2025\\\/03\\\/03\\\/lecture-series-2025-in-altkuenkendorf\\\/#breadcrumb\"},\"inLanguage\":\"en-US\",\"potentialAction\":[{\"@type\":\"ReadAction\",\"target\":[\"https:\\\/\\\/welterbe-grumsin.de\\\/en\\\/2025\\\/03\\\/03\\\/lecture-series-2025-in-altkuenkendorf\\\/\"]}]},{\"@type\":\"ImageObject\",\"inLanguage\":\"en-US\",\"@id\":\"https:\\\/\\\/welterbe-grumsin.de\\\/en\\\/2025\\\/03\\\/03\\\/lecture-series-2025-in-altkuenkendorf\\\/#primaryimage\",\"url\":\"https:\\\/\\\/welterbe-grumsin.de\\\/wp-content\\\/uploads\\\/2025\\\/03\\\/A4-e1744719203900.jpg\",\"contentUrl\":\"https:\\\/\\\/welterbe-grumsin.de\\\/wp-content\\\/uploads\\\/2025\\\/03\\\/A4-e1744719203900.jpg\",\"width\":1357,\"height\":1920,\"caption\":\"Weltnaturerbe Vortragsreihe 2025\"},{\"@type\":\"BreadcrumbList\",\"@id\":\"https:\\\/\\\/welterbe-grumsin.de\\\/en\\\/2025\\\/03\\\/03\\\/lecture-series-2025-in-altkuenkendorf\\\/#breadcrumb\",\"itemListElement\":[{\"@type\":\"ListItem\",\"position\":1,\"name\":\"Startseite\",\"item\":\"https:\\\/\\\/welterbe-grumsin.de\\\/en\\\/homesite\\\/\"},{\"@type\":\"ListItem\",\"position\":2,\"name\":\"Lecture series 2025 in Altk\u00fcnkendorf\"}]},{\"@type\":\"WebSite\",\"@id\":\"https:\\\/\\\/welterbe-grumsin.de\\\/en\\\/#website\",\"url\":\"https:\\\/\\\/welterbe-grumsin.de\\\/en\\\/\",\"name\":\"welterbe-grumsin\",\"description\":\"Buchenwald Grumsin - Brandenburgs einziges UNESCO-Weltnaturerbe\",\"publisher\":{\"@id\":\"https:\\\/\\\/welterbe-grumsin.de\\\/en\\\/#organization\"},\"potentialAction\":[{\"@type\":\"SearchAction\",\"target\":{\"@type\":\"EntryPoint\",\"urlTemplate\":\"https:\\\/\\\/welterbe-grumsin.de\\\/en\\\/?s={search_term_string}\"},\"query-input\":{\"@type\":\"PropertyValueSpecification\",\"valueRequired\":true,\"valueName\":\"search_term_string\"}}],\"inLanguage\":\"en-US\"},{\"@type\":\"Organization\",\"@id\":\"https:\\\/\\\/welterbe-grumsin.de\\\/en\\\/#organization\",\"name\":\"Infopunkt Weltnaturerbe Brandenburgs UNESCO\",\"url\":\"https:\\\/\\\/welterbe-grumsin.de\\\/en\\\/\",\"logo\":{\"@type\":\"ImageObject\",\"inLanguage\":\"en-US\",\"@id\":\"https:\\\/\\\/welterbe-grumsin.de\\\/en\\\/#\\\/schema\\\/logo\\\/image\\\/\",\"url\":\"https:\\\/\\\/welterbe-grumsin.de\\\/wp-content\\\/uploads\\\/2024\\\/06\\\/weltnaturerbe_logo.svg\",\"contentUrl\":\"https:\\\/\\\/welterbe-grumsin.de\\\/wp-content\\\/uploads\\\/2024\\\/06\\\/weltnaturerbe_logo.svg\",\"width\":204,\"height\":273,\"caption\":\"Infopunkt Weltnaturerbe Brandenburgs UNESCO\"},\"image\":{\"@id\":\"https:\\\/\\\/welterbe-grumsin.de\\\/en\\\/#\\\/schema\\\/logo\\\/image\\\/\"}},{\"@type\":\"Person\",\"@id\":\"https:\\\/\\\/welterbe-grumsin.de\\\/en\\\/#\\\/schema\\\/person\\\/cba586e3b17790f0ad0bd5df03548c14\",\"name\":\"Admin_Grumsin\",\"image\":{\"@type\":\"ImageObject\",\"inLanguage\":\"en-US\",\"@id\":\"https:\\\/\\\/secure.gravatar.com\\\/avatar\\\/88a8fd20b9aef66e91a9b36a36479b07ddc9a115ee4543ba28ed74527d9165ff?s=96&d=mm&r=g\",\"url\":\"https:\\\/\\\/secure.gravatar.com\\\/avatar\\\/88a8fd20b9aef66e91a9b36a36479b07ddc9a115ee4543ba28ed74527d9165ff?s=96&d=mm&r=g\",\"contentUrl\":\"https:\\\/\\\/secure.gravatar.com\\\/avatar\\\/88a8fd20b9aef66e91a9b36a36479b07ddc9a115ee4543ba28ed74527d9165ff?s=96&d=mm&r=g\",\"caption\":\"Admin_Grumsin\"},\"url\":\"https:\\\/\\\/welterbe-grumsin.de\\\/en\\\/author\\\/admin_grumsin\\\/\"}]}<\/script>\n<!-- \/ Yoast SEO plugin. -->","yoast_head_json":{"title":"Lecture series 2025 in Altk\u00fcnkendorf - Infopunkt Weltnaturerbe Brandenburgs UNESCO","robots":{"index":"index","follow":"follow","max-snippet":"max-snippet:-1","max-image-preview":"max-image-preview:large","max-video-preview":"max-video-preview:-1"},"canonical":"https:\/\/welterbe-grumsin.de\/en\/2025\/03\/03\/lecture-series-2025-in-altkuenkendorf\/","og_locale":"en_US","og_type":"article","og_title":"Lecture series 2025 in Altk\u00fcnkendorf - Infopunkt Weltnaturerbe Brandenburgs UNESCO","og_description":"New series of lectures on the UNESCO World Heritage Site Grumsin Beech Forest 2025 Dates, topics and speakers at a glance April 12, 2025&#8220;The conference of the trees &#8211; the modern fairy tale tells of the meeting of European trees in the Grumsin beech forest who fear for their future&#8221;, Speaker: Roland Schulz, certified nature [&hellip;]","og_url":"https:\/\/welterbe-grumsin.de\/en\/2025\/03\/03\/lecture-series-2025-in-altkuenkendorf\/","og_site_name":"Infopunkt Weltnaturerbe Brandenburgs UNESCO","article_published_time":"2025-03-03T08:56:55+00:00","article_modified_time":"2025-03-10T08:41:33+00:00","og_image":[{"width":1357,"height":1920,"url":"https:\/\/welterbe-grumsin.de\/wp-content\/uploads\/2025\/03\/A4.jpg","type":"image\/jpeg"}],"author":"Admin_Grumsin","twitter_card":"summary_large_image","twitter_misc":{"Written by":"Admin_Grumsin","Est. reading time":"2 minutes"},"schema":{"@context":"https:\/\/schema.org","@graph":[{"@type":"Article","@id":"https:\/\/welterbe-grumsin.de\/en\/2025\/03\/03\/lecture-series-2025-in-altkuenkendorf\/#article","isPartOf":{"@id":"https:\/\/welterbe-grumsin.de\/en\/2025\/03\/03\/lecture-series-2025-in-altkuenkendorf\/"},"author":{"name":"Admin_Grumsin","@id":"https:\/\/welterbe-grumsin.de\/en\/#\/schema\/person\/cba586e3b17790f0ad0bd5df03548c14"},"headline":"Lecture series 2025 in Altk\u00fcnkendorf","datePublished":"2025-03-03T08:56:55+00:00","dateModified":"2025-03-10T08:41:33+00:00","mainEntityOfPage":{"@id":"https:\/\/welterbe-grumsin.de\/en\/2025\/03\/03\/lecture-series-2025-in-altkuenkendorf\/"},"wordCount":341,"publisher":{"@id":"https:\/\/welterbe-grumsin.de\/en\/#organization"},"image":{"@id":"https:\/\/welterbe-grumsin.de\/en\/2025\/03\/03\/lecture-series-2025-in-altkuenkendorf\/#primaryimage"},"thumbnailUrl":"https:\/\/welterbe-grumsin.de\/wp-content\/uploads\/2025\/03\/A4-e1744719203900.jpg","articleSection":["Aktuelles","Termine"],"inLanguage":"en-US"},{"@type":"WebPage","@id":"https:\/\/welterbe-grumsin.de\/en\/2025\/03\/03\/lecture-series-2025-in-altkuenkendorf\/","url":"https:\/\/welterbe-grumsin.de\/en\/2025\/03\/03\/lecture-series-2025-in-altkuenkendorf\/","name":"Lecture series 2025 in Altk\u00fcnkendorf - Infopunkt Weltnaturerbe Brandenburgs UNESCO","isPartOf":{"@id":"https:\/\/welterbe-grumsin.de\/en\/#website"},"primaryImageOfPage":{"@id":"https:\/\/welterbe-grumsin.de\/en\/2025\/03\/03\/lecture-series-2025-in-altkuenkendorf\/#primaryimage"},"image":{"@id":"https:\/\/welterbe-grumsin.de\/en\/2025\/03\/03\/lecture-series-2025-in-altkuenkendorf\/#primaryimage"},"thumbnailUrl":"https:\/\/welterbe-grumsin.de\/wp-content\/uploads\/2025\/03\/A4-e1744719203900.jpg","datePublished":"2025-03-03T08:56:55+00:00","dateModified":"2025-03-10T08:41:33+00:00","breadcrumb":{"@id":"https:\/\/welterbe-grumsin.de\/en\/2025\/03\/03\/lecture-series-2025-in-altkuenkendorf\/#breadcrumb"},"inLanguage":"en-US","potentialAction":[{"@type":"ReadAction","target":["https:\/\/welterbe-grumsin.de\/en\/2025\/03\/03\/lecture-series-2025-in-altkuenkendorf\/"]}]},{"@type":"ImageObject","inLanguage":"en-US","@id":"https:\/\/welterbe-grumsin.de\/en\/2025\/03\/03\/lecture-series-2025-in-altkuenkendorf\/#primaryimage","url":"https:\/\/welterbe-grumsin.de\/wp-content\/uploads\/2025\/03\/A4-e1744719203900.jpg","contentUrl":"https:\/\/welterbe-grumsin.de\/wp-content\/uploads\/2025\/03\/A4-e1744719203900.jpg","width":1357,"height":1920,"caption":"Weltnaturerbe Vortragsreihe 2025"},{"@type":"BreadcrumbList","@id":"https:\/\/welterbe-grumsin.de\/en\/2025\/03\/03\/lecture-series-2025-in-altkuenkendorf\/#breadcrumb","itemListElement":[{"@type":"ListItem","position":1,"name":"Startseite","item":"https:\/\/welterbe-grumsin.de\/en\/homesite\/"},{"@type":"ListItem","position":2,"name":"Lecture series 2025 in Altk\u00fcnkendorf"}]},{"@type":"WebSite","@id":"https:\/\/welterbe-grumsin.de\/en\/#website","url":"https:\/\/welterbe-grumsin.de\/en\/","name":"welterbe-grumsin","description":"Buchenwald Grumsin - Brandenburgs einziges UNESCO-Weltnaturerbe","publisher":{"@id":"https:\/\/welterbe-grumsin.de\/en\/#organization"},"potentialAction":[{"@type":"SearchAction","target":{"@type":"EntryPoint","urlTemplate":"https:\/\/welterbe-grumsin.de\/en\/?s={search_term_string}"},"query-input":{"@type":"PropertyValueSpecification","valueRequired":true,"valueName":"search_term_string"}}],"inLanguage":"en-US"},{"@type":"Organization","@id":"https:\/\/welterbe-grumsin.de\/en\/#organization","name":"Infopunkt Weltnaturerbe Brandenburgs UNESCO","url":"https:\/\/welterbe-grumsin.de\/en\/","logo":{"@type":"ImageObject","inLanguage":"en-US","@id":"https:\/\/welterbe-grumsin.de\/en\/#\/schema\/logo\/image\/","url":"https:\/\/welterbe-grumsin.de\/wp-content\/uploads\/2024\/06\/weltnaturerbe_logo.svg","contentUrl":"https:\/\/welterbe-grumsin.de\/wp-content\/uploads\/2024\/06\/weltnaturerbe_logo.svg","width":204,"height":273,"caption":"Infopunkt Weltnaturerbe Brandenburgs UNESCO"},"image":{"@id":"https:\/\/welterbe-grumsin.de\/en\/#\/schema\/logo\/image\/"}},{"@type":"Person","@id":"https:\/\/welterbe-grumsin.de\/en\/#\/schema\/person\/cba586e3b17790f0ad0bd5df03548c14","name":"Admin_Grumsin","image":{"@type":"ImageObject","inLanguage":"en-US","@id":"https:\/\/secure.gravatar.com\/avatar\/88a8fd20b9aef66e91a9b36a36479b07ddc9a115ee4543ba28ed74527d9165ff?s=96&d=mm&r=g","url":"https:\/\/secure.gravatar.com\/avatar\/88a8fd20b9aef66e91a9b36a36479b07ddc9a115ee4543ba28ed74527d9165ff?s=96&d=mm&r=g","contentUrl":"https:\/\/secure.gravatar.com\/avatar\/88a8fd20b9aef66e91a9b36a36479b07ddc9a115ee4543ba28ed74527d9165ff?s=96&d=mm&r=g","caption":"Admin_Grumsin"},"url":"https:\/\/welterbe-grumsin.de\/en\/author\/admin_grumsin\/"}]}},"_links":{"self":[{"href":"https:\/\/welterbe-grumsin.de\/en\/wp-json\/wp\/v2\/posts\/7534","targetHints":{"allow":["GET"]}}],"collection":[{"href":"https:\/\/welterbe-grumsin.de\/en\/wp-json\/wp\/v2\/posts"}],"about":[{"href":"https:\/\/welterbe-grumsin.de\/en\/wp-json\/wp\/v2\/types\/post"}],"author":[{"embeddable":true,"href":"https:\/\/welterbe-grumsin.de\/en\/wp-json\/wp\/v2\/users\/2"}],"replies":[{"embeddable":true,"href":"https:\/\/welterbe-grumsin.de\/en\/wp-json\/wp\/v2\/comments?post=7534"}],"version-history":[{"count":4,"href":"https:\/\/welterbe-grumsin.de\/en\/wp-json\/wp\/v2\/posts\/7534\/revisions"}],"predecessor-version":[{"id":7572,"href":"https:\/\/welterbe-grumsin.de\/en\/wp-json\/wp\/v2\/posts\/7534\/revisions\/7572"}],"wp:featuredmedia":[{"embeddable":true,"href":"https:\/\/welterbe-grumsin.de\/en\/wp-json\/wp\/v2\/media\/7566"}],"wp:attachment":[{"href":"https:\/\/welterbe-grumsin.de\/en\/wp-json\/wp\/v2\/media?parent=7534"}],"wp:term":[{"taxonomy":"category","embeddable":true,"href":"https:\/\/welterbe-grumsin.de\/en\/wp-json\/wp\/v2\/categories?post=7534"},{"taxonomy":"post_tag","embeddable":true,"href":"https:\/\/welterbe-grumsin.de\/en\/wp-json\/wp\/v2\/tags?post=7534"}],"curies":[{"name":"wp","href":"https:\/\/api.w.org\/{rel}","templated":true}]}}