{"id":7680,"date":"2025-04-07T14:15:11","date_gmt":"2025-04-07T12:15:11","guid":{"rendered":"https:\/\/welterbe-grumsin.de\/2025\/04\/07\/world-heritage-day-service-june-1-2025\/"},"modified":"2025-04-09T09:39:15","modified_gmt":"2025-04-09T07:39:15","slug":"world-heritage-day-service-june-1-2025","status":"publish","type":"post","link":"https:\/\/welterbe-grumsin.de\/en\/2025\/04\/07\/world-heritage-day-service-june-1-2025\/","title":{"rendered":"World Heritage Day service June 1, 2025"},"content":{"rendered":"\t\t<div data-elementor-type=\"wp-post\" data-elementor-id=\"7680\" class=\"elementor elementor-7680 elementor-7607\" data-elementor-post-type=\"post\">\n\t\t\t\t<div class=\"elementor-element elementor-element-1e09602 e-flex e-con-boxed e-con e-parent\" data-id=\"1e09602\" data-element_type=\"container\" data-e-type=\"container\">\n\t\t\t\t\t<div class=\"e-con-inner\">\n\t\t\t\t<div class=\"elementor-element elementor-element-3b2e331 elementor-widget elementor-widget-heading\" data-id=\"3b2e331\" data-element_type=\"widget\" data-e-type=\"widget\" data-widget_type=\"heading.default\">\n\t\t\t\t<div class=\"elementor-widget-container\">\n\t\t\t\t\t<h1 class=\"elementor-heading-title elementor-size-default\">Church service with creation story on the occasion of World Heritage Day on 1.6.2025<\/h1>\t\t\t\t<\/div>\n\t\t\t\t<\/div>\n\t\t\t\t\t<\/div>\n\t\t\t\t<\/div>\n\t\t<div class=\"elementor-element elementor-element-e3ca4b8 e-flex e-con-boxed e-con e-parent\" data-id=\"e3ca4b8\" data-element_type=\"container\" data-e-type=\"container\">\n\t\t\t\t\t<div class=\"e-con-inner\">\n\t\t\t\t<div class=\"elementor-element elementor-element-4040d68 elementor-widget elementor-widget-image\" data-id=\"4040d68\" data-element_type=\"widget\" data-e-type=\"widget\" data-widget_type=\"image.default\">\n\t\t\t\t<div class=\"elementor-widget-container\">\n\t\t\t\t\t\t\t\t\t\t\t\t\t\t\t<img fetchpriority=\"high\" decoding=\"async\" width=\"800\" height=\"567\" src=\"https:\/\/welterbe-grumsin.de\/wp-content\/uploads\/2025\/04\/Gottesdienst-Welterbetag-1-Juni-2025-1024x726.jpg\" class=\"attachment-large size-large wp-image-7609\" alt=\"Gottesdienst Welterbetag 1. Juni 2025 in Altk\u00fcnekendorf\" srcset=\"https:\/\/welterbe-grumsin.de\/wp-content\/uploads\/2025\/04\/Gottesdienst-Welterbetag-1-Juni-2025-1024x726.jpg 1024w, https:\/\/welterbe-grumsin.de\/wp-content\/uploads\/2025\/04\/Gottesdienst-Welterbetag-1-Juni-2025-300x213.jpg 300w, https:\/\/welterbe-grumsin.de\/wp-content\/uploads\/2025\/04\/Gottesdienst-Welterbetag-1-Juni-2025-768x545.jpg 768w, https:\/\/welterbe-grumsin.de\/wp-content\/uploads\/2025\/04\/Gottesdienst-Welterbetag-1-Juni-2025-1536x1090.jpg 1536w, https:\/\/welterbe-grumsin.de\/wp-content\/uploads\/2025\/04\/Gottesdienst-Welterbetag-1-Juni-2025.jpg 1748w\" sizes=\"(max-width: 800px) 100vw, 800px\" \/>\t\t\t\t\t\t\t\t\t\t\t\t\t\t\t<\/div>\n\t\t\t\t<\/div>\n\t\t\t\t\t<\/div>\n\t\t\t\t<\/div>\n\t\t<div class=\"elementor-element elementor-element-2512fe0 e-flex e-con-boxed e-con e-parent\" data-id=\"2512fe0\" data-element_type=\"container\" data-e-type=\"container\">\n\t\t\t\t\t<div class=\"e-con-inner\">\n\t\t\t\t<div class=\"elementor-element elementor-element-471e2ab elementor-widget elementor-widget-text-editor\" data-id=\"471e2ab\" data-element_type=\"widget\" data-e-type=\"widget\" data-widget_type=\"text-editor.default\">\n\t\t\t\t<div class=\"elementor-widget-container\">\n\t\t\t\t\t\t\t\t\t<p class=\"MsoNormal\">With Pastor Uwe Eisentraut and Cantor Maria Schella, a service will take place in the village church of Altk\u00fcnkendorf on World Heritage Day on June 1, 2025, which will focus in particular on the creation story of the Old Testament:<br \/>&#8220;At the beginning of the Bible there are two creation accounts that were written 500 years apart:<br \/>Dominium terrae &#8211; &#8220;Subdue the earth&#8221; (Gen. 1,. 28) and &#8220;And the LORD God took the man and put him in the garden of Eden to till it and keep it.&#8221; (Gen. 2:15)<br \/>What are the similarities and differences and what do they tell us today?<\/p>\n<p class=\"MsoNormal\">Location: Altk\u00fcnkendorf village church, Altk\u00fcnkendorferstr. 22, 16278 Angerm\u00fcnde OT Altk\u00fcnkendorf <\/p>\n<p class=\"MsoNormal\">Time: 11-12 o&#8217;clock<\/p>\n<p class=\"MsoNormal\">Organizer: <a href=\"https:\/\/dorfkirche-altkuenkendorf.de\/verein\" target=\"_blank\" rel=\"noopener\">F\u00f6rderverein Dorfkirche Altk\u00fcnkendorf<\/a><\/p>\n\t\t\t\t\t\t\t\t<\/div>\n\t\t\t\t<\/div>\n\t\t\t\t\t<\/div>\n\t\t\t\t<\/div>\n\t\t\t\t<\/div>\n\t\t","protected":false},"excerpt":{"rendered":"<p>Gottesdienst mit Sch\u00f6pfungsgeschichte anl\u00e4sslich des Welterbetages am 1.6.2025 Mit Pfarrer Uwe Eisentraut und Kantorin Maria Schella findet in der Dorfkirche Altk\u00fcnkendorf zum Welterbetag am 1.6.2025 ein Gottesdienst statt, der sich besonders mit der Sch\u00f6pfungsgeschichte des Alten Testaments befasst:\u201eZu Beginn der Bibel stehen zwei Sch\u00f6pfungsberichte, die im Abstand von 500 Jahren aufgeschrieben worden sind:Dominium terrae \u2013 [&hellip;]<\/p>\n","protected":false},"author":2,"featured_media":7652,"comment_status":"closed","ping_status":"closed","sticky":false,"template":"","format":"standard","meta":{"_acf_changed":false,"inline_featured_image":false,"footnotes":""},"categories":[67,70],"tags":[],"class_list":["post-7680","post","type-post","status-publish","format-standard","has-post-thumbnail","hentry","category-aktuelles-en","category-termine-en"],"acf":[],"yoast_head":"<!-- This site is optimized with the Yoast SEO plugin v27.5 - https:\/\/yoast.com\/product\/yoast-seo-wordpress\/ -->\n<title>World Heritage Day service June 1, 2025 - Infopunkt Weltnaturerbe Brandenburgs UNESCO<\/title>\n<meta name=\"description\" content=\"Visit the church service on June 1, 2025 in Altk\u00fcnkendorf! Worship service with a juxtaposition of two creation stories\" \/>\n<meta name=\"robots\" content=\"index, follow, max-snippet:-1, max-image-preview:large, max-video-preview:-1\" \/>\n<link rel=\"canonical\" href=\"https:\/\/welterbe-grumsin.de\/en\/2025\/04\/07\/world-heritage-day-service-june-1-2025\/\" \/>\n<meta property=\"og:locale\" content=\"en_US\" \/>\n<meta property=\"og:type\" content=\"article\" \/>\n<meta property=\"og:title\" content=\"World Heritage Day service June 1, 2025 - Infopunkt Weltnaturerbe Brandenburgs UNESCO\" \/>\n<meta property=\"og:description\" content=\"Visit the church service on June 1, 2025 in Altk\u00fcnkendorf! Worship service with a juxtaposition of two creation stories\" \/>\n<meta property=\"og:url\" content=\"https:\/\/welterbe-grumsin.de\/en\/2025\/04\/07\/world-heritage-day-service-june-1-2025\/\" \/>\n<meta property=\"og:site_name\" content=\"Infopunkt Weltnaturerbe Brandenburgs UNESCO\" \/>\n<meta property=\"article:published_time\" content=\"2025-04-07T12:15:11+00:00\" \/>\n<meta property=\"article:modified_time\" content=\"2025-04-09T07:39:15+00:00\" \/>\n<meta property=\"og:image\" content=\"https:\/\/welterbe-grumsin.de\/wp-content\/uploads\/2025\/04\/Gottesdienst.jpg\" \/>\n\t<meta property=\"og:image:width\" content=\"1748\" \/>\n\t<meta property=\"og:image:height\" content=\"1240\" \/>\n\t<meta property=\"og:image:type\" content=\"image\/jpeg\" \/>\n<meta name=\"author\" content=\"Admin_Grumsin\" \/>\n<meta name=\"twitter:card\" content=\"summary_large_image\" \/>\n<meta name=\"twitter:label1\" content=\"Written by\" \/>\n\t<meta name=\"twitter:data1\" content=\"Admin_Grumsin\" \/>\n\t<meta name=\"twitter:label2\" content=\"Est. reading time\" \/>\n\t<meta name=\"twitter:data2\" content=\"1 minute\" \/>\n<script type=\"application\/ld+json\" class=\"yoast-schema-graph\">{\"@context\":\"https:\\\/\\\/schema.org\",\"@graph\":[{\"@type\":\"Article\",\"@id\":\"https:\\\/\\\/welterbe-grumsin.de\\\/en\\\/2025\\\/04\\\/07\\\/world-heritage-day-service-june-1-2025\\\/#article\",\"isPartOf\":{\"@id\":\"https:\\\/\\\/welterbe-grumsin.de\\\/en\\\/2025\\\/04\\\/07\\\/world-heritage-day-service-june-1-2025\\\/\"},\"author\":{\"name\":\"Admin_Grumsin\",\"@id\":\"https:\\\/\\\/welterbe-grumsin.de\\\/en\\\/#\\\/schema\\\/person\\\/cba586e3b17790f0ad0bd5df03548c14\"},\"headline\":\"World Heritage Day service June 1, 2025\",\"datePublished\":\"2025-04-07T12:15:11+00:00\",\"dateModified\":\"2025-04-09T07:39:15+00:00\",\"mainEntityOfPage\":{\"@id\":\"https:\\\/\\\/welterbe-grumsin.de\\\/en\\\/2025\\\/04\\\/07\\\/world-heritage-day-service-june-1-2025\\\/\"},\"wordCount\":124,\"publisher\":{\"@id\":\"https:\\\/\\\/welterbe-grumsin.de\\\/en\\\/#organization\"},\"image\":{\"@id\":\"https:\\\/\\\/welterbe-grumsin.de\\\/en\\\/2025\\\/04\\\/07\\\/world-heritage-day-service-june-1-2025\\\/#primaryimage\"},\"thumbnailUrl\":\"https:\\\/\\\/welterbe-grumsin.de\\\/wp-content\\\/uploads\\\/2025\\\/04\\\/Gottesdienst.jpg\",\"articleSection\":[\"Aktuelles\",\"Termine\"],\"inLanguage\":\"en-US\"},{\"@type\":\"WebPage\",\"@id\":\"https:\\\/\\\/welterbe-grumsin.de\\\/en\\\/2025\\\/04\\\/07\\\/world-heritage-day-service-june-1-2025\\\/\",\"url\":\"https:\\\/\\\/welterbe-grumsin.de\\\/en\\\/2025\\\/04\\\/07\\\/world-heritage-day-service-june-1-2025\\\/\",\"name\":\"World Heritage Day service June 1, 2025 - Infopunkt Weltnaturerbe Brandenburgs UNESCO\",\"isPartOf\":{\"@id\":\"https:\\\/\\\/welterbe-grumsin.de\\\/en\\\/#website\"},\"primaryImageOfPage\":{\"@id\":\"https:\\\/\\\/welterbe-grumsin.de\\\/en\\\/2025\\\/04\\\/07\\\/world-heritage-day-service-june-1-2025\\\/#primaryimage\"},\"image\":{\"@id\":\"https:\\\/\\\/welterbe-grumsin.de\\\/en\\\/2025\\\/04\\\/07\\\/world-heritage-day-service-june-1-2025\\\/#primaryimage\"},\"thumbnailUrl\":\"https:\\\/\\\/welterbe-grumsin.de\\\/wp-content\\\/uploads\\\/2025\\\/04\\\/Gottesdienst.jpg\",\"datePublished\":\"2025-04-07T12:15:11+00:00\",\"dateModified\":\"2025-04-09T07:39:15+00:00\",\"description\":\"Visit the church service on June 1, 2025 in Altk\u00fcnkendorf! Worship service with a juxtaposition of two creation stories\",\"breadcrumb\":{\"@id\":\"https:\\\/\\\/welterbe-grumsin.de\\\/en\\\/2025\\\/04\\\/07\\\/world-heritage-day-service-june-1-2025\\\/#breadcrumb\"},\"inLanguage\":\"en-US\",\"potentialAction\":[{\"@type\":\"ReadAction\",\"target\":[\"https:\\\/\\\/welterbe-grumsin.de\\\/en\\\/2025\\\/04\\\/07\\\/world-heritage-day-service-june-1-2025\\\/\"]}]},{\"@type\":\"ImageObject\",\"inLanguage\":\"en-US\",\"@id\":\"https:\\\/\\\/welterbe-grumsin.de\\\/en\\\/2025\\\/04\\\/07\\\/world-heritage-day-service-june-1-2025\\\/#primaryimage\",\"url\":\"https:\\\/\\\/welterbe-grumsin.de\\\/wp-content\\\/uploads\\\/2025\\\/04\\\/Gottesdienst.jpg\",\"contentUrl\":\"https:\\\/\\\/welterbe-grumsin.de\\\/wp-content\\\/uploads\\\/2025\\\/04\\\/Gottesdienst.jpg\",\"width\":1748,\"height\":1240},{\"@type\":\"BreadcrumbList\",\"@id\":\"https:\\\/\\\/welterbe-grumsin.de\\\/en\\\/2025\\\/04\\\/07\\\/world-heritage-day-service-june-1-2025\\\/#breadcrumb\",\"itemListElement\":[{\"@type\":\"ListItem\",\"position\":1,\"name\":\"Startseite\",\"item\":\"https:\\\/\\\/welterbe-grumsin.de\\\/en\\\/homesite\\\/\"},{\"@type\":\"ListItem\",\"position\":2,\"name\":\"World Heritage Day service June 1, 2025\"}]},{\"@type\":\"WebSite\",\"@id\":\"https:\\\/\\\/welterbe-grumsin.de\\\/en\\\/#website\",\"url\":\"https:\\\/\\\/welterbe-grumsin.de\\\/en\\\/\",\"name\":\"welterbe-grumsin\",\"description\":\"Buchenwald Grumsin - Brandenburgs einziges UNESCO-Weltnaturerbe\",\"publisher\":{\"@id\":\"https:\\\/\\\/welterbe-grumsin.de\\\/en\\\/#organization\"},\"potentialAction\":[{\"@type\":\"SearchAction\",\"target\":{\"@type\":\"EntryPoint\",\"urlTemplate\":\"https:\\\/\\\/welterbe-grumsin.de\\\/en\\\/?s={search_term_string}\"},\"query-input\":{\"@type\":\"PropertyValueSpecification\",\"valueRequired\":true,\"valueName\":\"search_term_string\"}}],\"inLanguage\":\"en-US\"},{\"@type\":\"Organization\",\"@id\":\"https:\\\/\\\/welterbe-grumsin.de\\\/en\\\/#organization\",\"name\":\"Infopunkt Weltnaturerbe Brandenburgs UNESCO\",\"url\":\"https:\\\/\\\/welterbe-grumsin.de\\\/en\\\/\",\"logo\":{\"@type\":\"ImageObject\",\"inLanguage\":\"en-US\",\"@id\":\"https:\\\/\\\/welterbe-grumsin.de\\\/en\\\/#\\\/schema\\\/logo\\\/image\\\/\",\"url\":\"https:\\\/\\\/welterbe-grumsin.de\\\/wp-content\\\/uploads\\\/2024\\\/06\\\/weltnaturerbe_logo.svg\",\"contentUrl\":\"https:\\\/\\\/welterbe-grumsin.de\\\/wp-content\\\/uploads\\\/2024\\\/06\\\/weltnaturerbe_logo.svg\",\"width\":204,\"height\":273,\"caption\":\"Infopunkt Weltnaturerbe Brandenburgs UNESCO\"},\"image\":{\"@id\":\"https:\\\/\\\/welterbe-grumsin.de\\\/en\\\/#\\\/schema\\\/logo\\\/image\\\/\"}},{\"@type\":\"Person\",\"@id\":\"https:\\\/\\\/welterbe-grumsin.de\\\/en\\\/#\\\/schema\\\/person\\\/cba586e3b17790f0ad0bd5df03548c14\",\"name\":\"Admin_Grumsin\",\"image\":{\"@type\":\"ImageObject\",\"inLanguage\":\"en-US\",\"@id\":\"https:\\\/\\\/secure.gravatar.com\\\/avatar\\\/88a8fd20b9aef66e91a9b36a36479b07ddc9a115ee4543ba28ed74527d9165ff?s=96&d=mm&r=g\",\"url\":\"https:\\\/\\\/secure.gravatar.com\\\/avatar\\\/88a8fd20b9aef66e91a9b36a36479b07ddc9a115ee4543ba28ed74527d9165ff?s=96&d=mm&r=g\",\"contentUrl\":\"https:\\\/\\\/secure.gravatar.com\\\/avatar\\\/88a8fd20b9aef66e91a9b36a36479b07ddc9a115ee4543ba28ed74527d9165ff?s=96&d=mm&r=g\",\"caption\":\"Admin_Grumsin\"},\"url\":\"https:\\\/\\\/welterbe-grumsin.de\\\/en\\\/author\\\/admin_grumsin\\\/\"}]}<\/script>\n<!-- \/ Yoast SEO plugin. -->","yoast_head_json":{"title":"World Heritage Day service June 1, 2025 - Infopunkt Weltnaturerbe Brandenburgs UNESCO","description":"Visit the church service on June 1, 2025 in Altk\u00fcnkendorf! Worship service with a juxtaposition of two creation stories","robots":{"index":"index","follow":"follow","max-snippet":"max-snippet:-1","max-image-preview":"max-image-preview:large","max-video-preview":"max-video-preview:-1"},"canonical":"https:\/\/welterbe-grumsin.de\/en\/2025\/04\/07\/world-heritage-day-service-june-1-2025\/","og_locale":"en_US","og_type":"article","og_title":"World Heritage Day service June 1, 2025 - Infopunkt Weltnaturerbe Brandenburgs UNESCO","og_description":"Visit the church service on June 1, 2025 in Altk\u00fcnkendorf! Worship service with a juxtaposition of two creation stories","og_url":"https:\/\/welterbe-grumsin.de\/en\/2025\/04\/07\/world-heritage-day-service-june-1-2025\/","og_site_name":"Infopunkt Weltnaturerbe Brandenburgs UNESCO","article_published_time":"2025-04-07T12:15:11+00:00","article_modified_time":"2025-04-09T07:39:15+00:00","og_image":[{"width":1748,"height":1240,"url":"https:\/\/welterbe-grumsin.de\/wp-content\/uploads\/2025\/04\/Gottesdienst.jpg","type":"image\/jpeg"}],"author":"Admin_Grumsin","twitter_card":"summary_large_image","twitter_misc":{"Written by":"Admin_Grumsin","Est. reading time":"1 minute"},"schema":{"@context":"https:\/\/schema.org","@graph":[{"@type":"Article","@id":"https:\/\/welterbe-grumsin.de\/en\/2025\/04\/07\/world-heritage-day-service-june-1-2025\/#article","isPartOf":{"@id":"https:\/\/welterbe-grumsin.de\/en\/2025\/04\/07\/world-heritage-day-service-june-1-2025\/"},"author":{"name":"Admin_Grumsin","@id":"https:\/\/welterbe-grumsin.de\/en\/#\/schema\/person\/cba586e3b17790f0ad0bd5df03548c14"},"headline":"World Heritage Day service June 1, 2025","datePublished":"2025-04-07T12:15:11+00:00","dateModified":"2025-04-09T07:39:15+00:00","mainEntityOfPage":{"@id":"https:\/\/welterbe-grumsin.de\/en\/2025\/04\/07\/world-heritage-day-service-june-1-2025\/"},"wordCount":124,"publisher":{"@id":"https:\/\/welterbe-grumsin.de\/en\/#organization"},"image":{"@id":"https:\/\/welterbe-grumsin.de\/en\/2025\/04\/07\/world-heritage-day-service-june-1-2025\/#primaryimage"},"thumbnailUrl":"https:\/\/welterbe-grumsin.de\/wp-content\/uploads\/2025\/04\/Gottesdienst.jpg","articleSection":["Aktuelles","Termine"],"inLanguage":"en-US"},{"@type":"WebPage","@id":"https:\/\/welterbe-grumsin.de\/en\/2025\/04\/07\/world-heritage-day-service-june-1-2025\/","url":"https:\/\/welterbe-grumsin.de\/en\/2025\/04\/07\/world-heritage-day-service-june-1-2025\/","name":"World Heritage Day service June 1, 2025 - Infopunkt Weltnaturerbe Brandenburgs UNESCO","isPartOf":{"@id":"https:\/\/welterbe-grumsin.de\/en\/#website"},"primaryImageOfPage":{"@id":"https:\/\/welterbe-grumsin.de\/en\/2025\/04\/07\/world-heritage-day-service-june-1-2025\/#primaryimage"},"image":{"@id":"https:\/\/welterbe-grumsin.de\/en\/2025\/04\/07\/world-heritage-day-service-june-1-2025\/#primaryimage"},"thumbnailUrl":"https:\/\/welterbe-grumsin.de\/wp-content\/uploads\/2025\/04\/Gottesdienst.jpg","datePublished":"2025-04-07T12:15:11+00:00","dateModified":"2025-04-09T07:39:15+00:00","description":"Visit the church service on June 1, 2025 in Altk\u00fcnkendorf! Worship service with a juxtaposition of two creation stories","breadcrumb":{"@id":"https:\/\/welterbe-grumsin.de\/en\/2025\/04\/07\/world-heritage-day-service-june-1-2025\/#breadcrumb"},"inLanguage":"en-US","potentialAction":[{"@type":"ReadAction","target":["https:\/\/welterbe-grumsin.de\/en\/2025\/04\/07\/world-heritage-day-service-june-1-2025\/"]}]},{"@type":"ImageObject","inLanguage":"en-US","@id":"https:\/\/welterbe-grumsin.de\/en\/2025\/04\/07\/world-heritage-day-service-june-1-2025\/#primaryimage","url":"https:\/\/welterbe-grumsin.de\/wp-content\/uploads\/2025\/04\/Gottesdienst.jpg","contentUrl":"https:\/\/welterbe-grumsin.de\/wp-content\/uploads\/2025\/04\/Gottesdienst.jpg","width":1748,"height":1240},{"@type":"BreadcrumbList","@id":"https:\/\/welterbe-grumsin.de\/en\/2025\/04\/07\/world-heritage-day-service-june-1-2025\/#breadcrumb","itemListElement":[{"@type":"ListItem","position":1,"name":"Startseite","item":"https:\/\/welterbe-grumsin.de\/en\/homesite\/"},{"@type":"ListItem","position":2,"name":"World Heritage Day service June 1, 2025"}]},{"@type":"WebSite","@id":"https:\/\/welterbe-grumsin.de\/en\/#website","url":"https:\/\/welterbe-grumsin.de\/en\/","name":"welterbe-grumsin","description":"Buchenwald Grumsin - Brandenburgs einziges UNESCO-Weltnaturerbe","publisher":{"@id":"https:\/\/welterbe-grumsin.de\/en\/#organization"},"potentialAction":[{"@type":"SearchAction","target":{"@type":"EntryPoint","urlTemplate":"https:\/\/welterbe-grumsin.de\/en\/?s={search_term_string}"},"query-input":{"@type":"PropertyValueSpecification","valueRequired":true,"valueName":"search_term_string"}}],"inLanguage":"en-US"},{"@type":"Organization","@id":"https:\/\/welterbe-grumsin.de\/en\/#organization","name":"Infopunkt Weltnaturerbe Brandenburgs UNESCO","url":"https:\/\/welterbe-grumsin.de\/en\/","logo":{"@type":"ImageObject","inLanguage":"en-US","@id":"https:\/\/welterbe-grumsin.de\/en\/#\/schema\/logo\/image\/","url":"https:\/\/welterbe-grumsin.de\/wp-content\/uploads\/2024\/06\/weltnaturerbe_logo.svg","contentUrl":"https:\/\/welterbe-grumsin.de\/wp-content\/uploads\/2024\/06\/weltnaturerbe_logo.svg","width":204,"height":273,"caption":"Infopunkt Weltnaturerbe Brandenburgs UNESCO"},"image":{"@id":"https:\/\/welterbe-grumsin.de\/en\/#\/schema\/logo\/image\/"}},{"@type":"Person","@id":"https:\/\/welterbe-grumsin.de\/en\/#\/schema\/person\/cba586e3b17790f0ad0bd5df03548c14","name":"Admin_Grumsin","image":{"@type":"ImageObject","inLanguage":"en-US","@id":"https:\/\/secure.gravatar.com\/avatar\/88a8fd20b9aef66e91a9b36a36479b07ddc9a115ee4543ba28ed74527d9165ff?s=96&d=mm&r=g","url":"https:\/\/secure.gravatar.com\/avatar\/88a8fd20b9aef66e91a9b36a36479b07ddc9a115ee4543ba28ed74527d9165ff?s=96&d=mm&r=g","contentUrl":"https:\/\/secure.gravatar.com\/avatar\/88a8fd20b9aef66e91a9b36a36479b07ddc9a115ee4543ba28ed74527d9165ff?s=96&d=mm&r=g","caption":"Admin_Grumsin"},"url":"https:\/\/welterbe-grumsin.de\/en\/author\/admin_grumsin\/"}]}},"_links":{"self":[{"href":"https:\/\/welterbe-grumsin.de\/en\/wp-json\/wp\/v2\/posts\/7680","targetHints":{"allow":["GET"]}}],"collection":[{"href":"https:\/\/welterbe-grumsin.de\/en\/wp-json\/wp\/v2\/posts"}],"about":[{"href":"https:\/\/welterbe-grumsin.de\/en\/wp-json\/wp\/v2\/types\/post"}],"author":[{"embeddable":true,"href":"https:\/\/welterbe-grumsin.de\/en\/wp-json\/wp\/v2\/users\/2"}],"replies":[{"embeddable":true,"href":"https:\/\/welterbe-grumsin.de\/en\/wp-json\/wp\/v2\/comments?post=7680"}],"version-history":[{"count":3,"href":"https:\/\/welterbe-grumsin.de\/en\/wp-json\/wp\/v2\/posts\/7680\/revisions"}],"predecessor-version":[{"id":7684,"href":"https:\/\/welterbe-grumsin.de\/en\/wp-json\/wp\/v2\/posts\/7680\/revisions\/7684"}],"wp:featuredmedia":[{"embeddable":true,"href":"https:\/\/welterbe-grumsin.de\/en\/wp-json\/wp\/v2\/media\/7652"}],"wp:attachment":[{"href":"https:\/\/welterbe-grumsin.de\/en\/wp-json\/wp\/v2\/media?parent=7680"}],"wp:term":[{"taxonomy":"category","embeddable":true,"href":"https:\/\/welterbe-grumsin.de\/en\/wp-json\/wp\/v2\/categories?post=7680"},{"taxonomy":"post_tag","embeddable":true,"href":"https:\/\/welterbe-grumsin.de\/en\/wp-json\/wp\/v2\/tags?post=7680"}],"curies":[{"name":"wp","href":"https:\/\/api.w.org\/{rel}","templated":true}]}}