{"id":6932,"date":"2024-10-17T07:32:10","date_gmt":"2024-10-17T05:32:10","guid":{"rendered":"https:\/\/welterbe-grumsin.de\/2024\/10\/17\/autumn-atmosphere-in-november-and-watching-black-woodpeckers\/"},"modified":"2025-02-25T16:18:35","modified_gmt":"2025-02-25T15:18:35","slug":"autumn-atmosphere-in-november-and-watching-black-woodpeckers","status":"publish","type":"post","link":"https:\/\/welterbe-grumsin.de\/pl\/2024\/10\/17\/autumn-atmosphere-in-november-and-watching-black-woodpeckers\/","title":{"rendered":"Jesienna atmosfera w listopadzie i obserwowanie dzi\u0119cio\u0142\u00f3w czarnych"},"content":{"rendered":"\t\t<div data-elementor-type=\"wp-post\" data-elementor-id=\"6932\" class=\"elementor elementor-6932 elementor-502\" data-elementor-post-type=\"post\">\n\t\t\t\t<div class=\"elementor-element elementor-element-cf9cf0b e-flex e-con-boxed e-con e-parent\" data-id=\"cf9cf0b\" data-element_type=\"container\" data-e-type=\"container\">\n\t\t\t\t\t<div class=\"e-con-inner\">\n\t\t\t\t<div class=\"elementor-element elementor-element-903f6db elementor-widget elementor-widget-heading\" data-id=\"903f6db\" data-element_type=\"widget\" data-e-type=\"widget\" data-widget_type=\"heading.default\">\n\t\t\t\t<div class=\"elementor-widget-container\">\n\t\t\t\t\t<h1 class=\"elementor-heading-title elementor-size-default\">Atmosfera jesieni w lesie bukowym Grumsin<\/h1>\t\t\t\t<\/div>\n\t\t\t\t<\/div>\n\t\t\t\t\t<\/div>\n\t\t\t\t<\/div>\n\t\t<div class=\"elementor-element elementor-element-b73b538 e-flex e-con-boxed e-con e-parent\" data-id=\"b73b538\" data-element_type=\"container\" data-e-type=\"container\">\n\t\t\t\t\t<div class=\"e-con-inner\">\n\t\t<div class=\"elementor-element elementor-element-50f8e6f e-con-full e-flex e-con e-child\" data-id=\"50f8e6f\" data-element_type=\"container\" data-e-type=\"container\">\n\t\t\t\t<div class=\"elementor-element elementor-element-8c50c68 elementor-widget elementor-widget-text-editor\" data-id=\"8c50c68\" data-element_type=\"widget\" data-e-type=\"widget\" data-widget_type=\"text-editor.default\">\n\t\t\t\t<div class=\"elementor-widget-container\">\n\t\t\t\t\t\t\t\t\t<p>Je\u015bli kto\u015b uwa\u017ca, \u017ce las bukowy Grumsin warto odwiedzi\u0107 tylko latem, stanowczo si\u0119 myli. Obiekt \u015bwiatowego dziedzictwa przyrodniczego UNESCO las bukowy Grumsin mo\u017cna podziwia\u0107 o ka\u017cdej porze roku. R\u00f3wnie\u017c w listopadzie.  <\/p>\n<p>Z jednej strony w tym czasie wra\u017cenie robi\u0105 jesienne barwy buk\u00f3w: tony z\u0142ota, pomara\u0144czu i br\u0105z\u00f3w. Z drugiej znajdziemy tu spok\u00f3j oraz pozostaj\u0105ce na zim\u0119 ptaki osiad\u0142e, takie jak dzi\u0119cio\u0142 czarny. Jesieni\u0105 ziemi\u0119 r\u00f3wnie\u017c pokrywa gruba warstwa kolorowych li\u015bci, co tworzy z\u0142ociste, niemal magiczne wra\u017cenie.  <\/p>\n\t\t\t\t\t\t\t\t<\/div>\n\t\t\t\t<\/div>\n\t\t\t\t<\/div>\n\t\t<div class=\"elementor-element elementor-element-2073898 e-con-full e-flex e-con e-child\" data-id=\"2073898\" data-element_type=\"container\" data-e-type=\"container\">\n\t\t\t\t<div class=\"elementor-element elementor-element-0209ade elementor-widget elementor-widget-image\" data-id=\"0209ade\" data-element_type=\"widget\" data-e-type=\"widget\" data-widget_type=\"image.default\">\n\t\t\t\t<div class=\"elementor-widget-container\">\n\t\t\t\t\t\t\t\t\t\t\t\t<figure class=\"wp-caption\">\n\t\t\t\t\t\t\t\t\t\t<img fetchpriority=\"high\" decoding=\"async\" width=\"800\" height=\"534\" src=\"https:\/\/welterbe-grumsin.de\/wp-content\/uploads\/2024\/10\/raureif-ein-buchenblatt-buchenwald-grumsin-canva.jpg\" class=\"attachment-large size-large wp-image-6274\" alt=\"\" srcset=\"https:\/\/welterbe-grumsin.de\/wp-content\/uploads\/2024\/10\/raureif-ein-buchenblatt-buchenwald-grumsin-canva.jpg 1024w, https:\/\/welterbe-grumsin.de\/wp-content\/uploads\/2024\/10\/raureif-ein-buchenblatt-buchenwald-grumsin-canva-300x200.jpg 300w, https:\/\/welterbe-grumsin.de\/wp-content\/uploads\/2024\/10\/raureif-ein-buchenblatt-buchenwald-grumsin-canva-768x512.jpg 768w\" sizes=\"(max-width: 800px) 100vw, 800px\" \/>\t\t\t\t\t\t\t\t\t\t\t<figcaption class=\"widget-image-caption wp-caption-text\">Li\u015b\u0107 bukowy pokryty szronem, autor: Canva<\/figcaption>\n\t\t\t\t\t\t\t\t\t\t<\/figure>\n\t\t\t\t\t\t\t\t\t<\/div>\n\t\t\t\t<\/div>\n\t\t\t\t<\/div>\n\t\t\t\t\t<\/div>\n\t\t\t\t<\/div>\n\t\t<div class=\"elementor-element elementor-element-689b306 e-flex e-con-boxed e-con e-parent\" data-id=\"689b306\" data-element_type=\"container\" data-e-type=\"container\">\n\t\t\t\t\t<div class=\"e-con-inner\">\n\t\t\t\t<div class=\"elementor-element elementor-element-d834272 elementor-widget elementor-widget-heading\" data-id=\"d834272\" data-element_type=\"widget\" data-e-type=\"widget\" data-widget_type=\"heading.default\">\n\t\t\t\t<div class=\"elementor-widget-container\">\n\t\t\t\t\t<h2 class=\"elementor-heading-title elementor-size-default\">Atmosfera jesieni w listopadzie <\/h2>\t\t\t\t<\/div>\n\t\t\t\t<\/div>\n\t\t\t\t\t<\/div>\n\t\t\t\t<\/div>\n\t\t<div class=\"elementor-element elementor-element-88b5e1b e-flex e-con-boxed e-con e-parent\" data-id=\"88b5e1b\" data-element_type=\"container\" data-e-type=\"container\">\n\t\t\t\t\t<div class=\"e-con-inner\">\n\t\t<div class=\"elementor-element elementor-element-95e9803 e-con-full e-flex e-con e-child\" data-id=\"95e9803\" data-element_type=\"container\" data-e-type=\"container\">\n\t\t\t\t<div class=\"elementor-element elementor-element-65a84b5 elementor-widget elementor-widget-text-editor\" data-id=\"65a84b5\" data-element_type=\"widget\" data-e-type=\"widget\" data-widget_type=\"text-editor.default\">\n\t\t\t\t<div class=\"elementor-widget-container\">\n\t\t\t\t\t\t\t\t\t<p>Typowa listopadowa mg\u0142a tworzy mistyczn\u0105 atmosfer\u0119. Kiedy w listopadzie \u015bwiat\u0142o rozprasza si\u0119 w\u015br\u00f3d opadaj\u0105cych z li\u015bci drzew, czerwono-\u017c\u00f3\u0142te li\u015bcie tworz\u0105 niezwyk\u0142y nastr\u00f3j. Wczesnym rankiem cz\u0119sto mo\u017cna zaobserwowa\u0107 na li\u015bciach i ga\u0142\u0119ziach ros\u0119 i szron, zapraszaj\u0105ce, by je podziwia\u0107 i fotografowa\u0107. Dzi\u0119ki wysokiej wilgotno\u015bci z ziemi i z obumar\u0142ych cz\u0119\u015bci drzew wyrastaj\u0105 grzyby. To dobra okazja, by przyjrze\u0107 si\u0119 tym rzadkim organizmom lub uchwyci\u0107 je w kadrze. Aktywno\u015b\u0107 zwierz\u0105t maleje, przez co do lasu bukowego Grumsin w coraz wi\u0119kszym stopniu powraca spok\u00f3j.     <\/p>\n\t\t\t\t\t\t\t\t<\/div>\n\t\t\t\t<\/div>\n\t\t\t\t<\/div>\n\t\t<div class=\"elementor-element elementor-element-af62a96 e-con-full e-flex e-con e-child\" data-id=\"af62a96\" data-element_type=\"container\" data-e-type=\"container\">\n\t\t\t\t<div class=\"elementor-element elementor-element-914746c elementor-widget elementor-widget-image\" data-id=\"914746c\" data-element_type=\"widget\" data-e-type=\"widget\" data-widget_type=\"image.default\">\n\t\t\t\t<div class=\"elementor-widget-container\">\n\t\t\t\t\t\t\t\t\t\t\t\t<figure class=\"wp-caption\">\n\t\t\t\t\t\t\t\t\t\t<img decoding=\"async\" width=\"800\" height=\"534\" src=\"https:\/\/welterbe-grumsin.de\/wp-content\/uploads\/2024\/10\/nebel-im-buchenwald-grumsin-canva.jpg\" class=\"attachment-large size-large wp-image-6272\" alt=\"\" srcset=\"https:\/\/welterbe-grumsin.de\/wp-content\/uploads\/2024\/10\/nebel-im-buchenwald-grumsin-canva.jpg 1024w, https:\/\/welterbe-grumsin.de\/wp-content\/uploads\/2024\/10\/nebel-im-buchenwald-grumsin-canva-300x200.jpg 300w, https:\/\/welterbe-grumsin.de\/wp-content\/uploads\/2024\/10\/nebel-im-buchenwald-grumsin-canva-768x512.jpg 768w\" sizes=\"(max-width: 800px) 100vw, 800px\" \/>\t\t\t\t\t\t\t\t\t\t\t<figcaption class=\"widget-image-caption wp-caption-text\">Listopadowa mg\u0142a w bukowym lesie, autor: Canva<\/figcaption>\n\t\t\t\t\t\t\t\t\t\t<\/figure>\n\t\t\t\t\t\t\t\t\t<\/div>\n\t\t\t\t<\/div>\n\t\t\t\t<\/div>\n\t\t\t\t\t<\/div>\n\t\t\t\t<\/div>\n\t\t<div class=\"elementor-element elementor-element-5d4addd e-flex e-con-boxed e-con e-parent\" data-id=\"5d4addd\" data-element_type=\"container\" data-e-type=\"container\">\n\t\t\t\t\t<div class=\"e-con-inner\">\n\t\t\t\t<div class=\"elementor-element elementor-element-0528149 elementor-widget elementor-widget-spacer\" data-id=\"0528149\" data-element_type=\"widget\" data-e-type=\"widget\" data-widget_type=\"spacer.default\">\n\t\t\t\t<div class=\"elementor-widget-container\">\n\t\t\t\t\t\t\t<div class=\"elementor-spacer\">\n\t\t\t<div class=\"elementor-spacer-inner\"><\/div>\n\t\t<\/div>\n\t\t\t\t\t\t<\/div>\n\t\t\t\t<\/div>\n\t\t\t\t\t<\/div>\n\t\t\t\t<\/div>\n\t\t<div class=\"elementor-element elementor-element-4a03dd4 e-flex e-con-boxed e-con e-parent\" data-id=\"4a03dd4\" data-element_type=\"container\" data-e-type=\"container\">\n\t\t\t\t\t<div class=\"e-con-inner\">\n\t\t\t\t<div class=\"elementor-element elementor-element-1bf9f15 elementor-widget elementor-widget-image\" data-id=\"1bf9f15\" data-element_type=\"widget\" data-e-type=\"widget\" data-widget_type=\"image.default\">\n\t\t\t\t<div class=\"elementor-widget-container\">\n\t\t\t\t\t\t\t\t\t\t\t\t<figure class=\"wp-caption\">\n\t\t\t\t\t\t\t\t\t\t<img decoding=\"async\" width=\"800\" height=\"640\" src=\"https:\/\/welterbe-grumsin.de\/wp-content\/uploads\/2024\/10\/Pilze-Buchenwald-Grumsin-1024x819.png\" class=\"attachment-large size-large wp-image-6270\" alt=\"\" srcset=\"https:\/\/welterbe-grumsin.de\/wp-content\/uploads\/2024\/10\/Pilze-Buchenwald-Grumsin-1024x819.png 1024w, https:\/\/welterbe-grumsin.de\/wp-content\/uploads\/2024\/10\/Pilze-Buchenwald-Grumsin-300x240.png 300w, https:\/\/welterbe-grumsin.de\/wp-content\/uploads\/2024\/10\/Pilze-Buchenwald-Grumsin-768x614.png 768w, https:\/\/welterbe-grumsin.de\/wp-content\/uploads\/2024\/10\/Pilze-Buchenwald-Grumsin-1536x1229.png 1536w, https:\/\/welterbe-grumsin.de\/wp-content\/uploads\/2024\/10\/Pilze-Buchenwald-Grumsin.png 2000w\" sizes=\"(max-width: 800px) 100vw, 800px\" \/>\t\t\t\t\t\t\t\t\t\t\t<figcaption class=\"widget-image-caption wp-caption-text\">Bogactwo grzyb\u00f3w w lesie bukowym Grumsin, autor: Helen M\u00fcnnich<\/figcaption>\n\t\t\t\t\t\t\t\t\t\t<\/figure>\n\t\t\t\t\t\t\t\t\t<\/div>\n\t\t\t\t<\/div>\n\t\t\t\t\t<\/div>\n\t\t\t\t<\/div>\n\t\t<div class=\"elementor-element elementor-element-53e471c e-flex e-con-boxed e-con e-parent\" data-id=\"53e471c\" data-element_type=\"container\" data-e-type=\"container\">\n\t\t\t\t\t<div class=\"e-con-inner\">\n\t\t\t\t<div class=\"elementor-element elementor-element-1dcd71e elementor-widget elementor-widget-heading\" data-id=\"1dcd71e\" data-element_type=\"widget\" data-e-type=\"widget\" data-widget_type=\"heading.default\">\n\t\t\t\t<div class=\"elementor-widget-container\">\n\t\t\t\t\t<h2 class=\"elementor-heading-title elementor-size-default\">Popatrz na dzi\u0119cio\u0142a czarnego i ws\u0142uchaj si\u0119 w cisz\u0119<\/h2>\t\t\t\t<\/div>\n\t\t\t\t<\/div>\n\t\t\t\t\t<\/div>\n\t\t\t\t<\/div>\n\t\t<div class=\"elementor-element elementor-element-403bff8 e-flex e-con-boxed e-con e-parent\" data-id=\"403bff8\" data-element_type=\"container\" data-e-type=\"container\">\n\t\t\t\t\t<div class=\"e-con-inner\">\n\t\t<div class=\"elementor-element elementor-element-45f95b3 e-con-full e-flex e-con e-child\" data-id=\"45f95b3\" data-element_type=\"container\" data-e-type=\"container\">\n\t\t\t\t<div class=\"elementor-element elementor-element-0e81ec2 elementor-widget elementor-widget-text-editor\" data-id=\"0e81ec2\" data-element_type=\"widget\" data-e-type=\"widget\" data-widget_type=\"text-editor.default\">\n\t\t\t\t<div class=\"elementor-widget-container\">\n\t\t\t\t\t\t\t\t\t<p>Mimo \u017ce wielu ptasich mieszka\u0144c\u00f3w lasu bukowego Grumsin odlatuje na po\u0142udnie, by przezimowa\u0107, nie pozostaje on ca\u0142kiem pusty. Pozostaj\u0105 w nim ptaki osiad\u0142e, takie jak dzi\u0119cio\u0142 czarny, nale\u017c\u0105cy do najwi\u0119kszych rodzimych gatunk\u00f3w dzi\u0119cio\u0142a (do 50 cm z ogonem), wielko\u015bci\u0105 zbli\u017cony do wrony. <\/p>\n<p>Ten imponuj\u0105cy gatunek nie wyst\u0119puje powszechnie. Dzi\u0119cio\u0142a czarnego znajdziemy tylko tam, gdzie drzewa mog\u0105 si\u0119 zestarze\u0107 i gdzie wyst\u0119puj\u0105 du\u017ce, zwarte powierzchnie lasu. Optymalne dla niego jest po\u0142\u0105czenie starych buk\u00f3w do gniazdowania i zamieraj\u0105cych lub chorych \u015bwierk\u00f3w b\u0105d\u017a sosen, jako \u017ar\u00f3d\u0142a po\u017cywienia. Takie warunki mo\u017cna znale\u017a\u0107 w lesie bukowym Grumsin. Dzi\u0119cio\u0142 zjada \u017cywe mr\u00f3wki drzewne, wyst\u0119puj\u0105ce w dolnych partiach pni \u015bwierk\u00f3w. Mimo, \u017ce od wiosny do jesieni \u017cywi si\u0119 mr\u00f3wkami z drzew, p\u00f3\u017an\u0105 jesieni\u0105 i zim\u0105 potrafi rozgrzeba\u0107 mrowiska, by dotrze\u0107 do po\u017cywienia. Jego ulubionymi drzewami na dziuple s\u0105 buki licz\u0105ce sobie oko\u0142o 80-100 lat, kt\u00f3rych liczne okazy wyst\u0119puj\u0105 w lesie Grumsin.     <\/p>\t\t\t\t\t\t\t\t<\/div>\n\t\t\t\t<\/div>\n\t\t\t\t<\/div>\n\t\t<div class=\"elementor-element elementor-element-48e8be9 e-con-full e-flex e-con e-child\" data-id=\"48e8be9\" data-element_type=\"container\" data-e-type=\"container\">\n\t\t\t\t<div class=\"elementor-element elementor-element-60623eb elementor-widget elementor-widget-image\" data-id=\"60623eb\" data-element_type=\"widget\" data-e-type=\"widget\" data-widget_type=\"image.default\">\n\t\t\t\t<div class=\"elementor-widget-container\">\n\t\t\t\t\t\t\t\t\t\t\t\t<figure class=\"wp-caption\">\n\t\t\t\t\t\t\t\t\t\t<img loading=\"lazy\" decoding=\"async\" width=\"800\" height=\"534\" src=\"https:\/\/welterbe-grumsin.de\/wp-content\/uploads\/2024\/10\/schwarzspecht-fuetterung-buchenwald-grumsin-canva.jpg\" class=\"attachment-large size-large wp-image-6276\" alt=\"\" srcset=\"https:\/\/welterbe-grumsin.de\/wp-content\/uploads\/2024\/10\/schwarzspecht-fuetterung-buchenwald-grumsin-canva.jpg 1024w, https:\/\/welterbe-grumsin.de\/wp-content\/uploads\/2024\/10\/schwarzspecht-fuetterung-buchenwald-grumsin-canva-300x200.jpg 300w, https:\/\/welterbe-grumsin.de\/wp-content\/uploads\/2024\/10\/schwarzspecht-fuetterung-buchenwald-grumsin-canva-768x512.jpg 768w\" sizes=\"(max-width: 800px) 100vw, 800px\" \/>\t\t\t\t\t\t\t\t\t\t\t<figcaption class=\"widget-image-caption wp-caption-text\">Dzi\u0119cio\u0142 czarny z m\u0142odymi, autor: Canva<\/figcaption>\n\t\t\t\t\t\t\t\t\t\t<\/figure>\n\t\t\t\t\t\t\t\t\t<\/div>\n\t\t\t\t<\/div>\n\t\t\t\t<\/div>\n\t\t\t\t\t<\/div>\n\t\t\t\t<\/div>\n\t\t<div class=\"elementor-element elementor-element-cb25341 e-flex e-con-boxed e-con e-parent\" data-id=\"cb25341\" data-element_type=\"container\" data-e-type=\"container\">\n\t\t\t\t\t<div class=\"e-con-inner\">\n\t\t<div class=\"elementor-element elementor-element-5347a79 e-con-full e-flex e-con e-child\" data-id=\"5347a79\" data-element_type=\"container\" data-e-type=\"container\">\n\t\t\t\t<div class=\"elementor-element elementor-element-82e382b elementor-widget elementor-widget-text-editor\" data-id=\"82e382b\" data-element_type=\"widget\" data-e-type=\"widget\" data-widget_type=\"text-editor.default\">\n\t\t\t\t<div class=\"elementor-widget-container\">\n\t\t\t\t\t\t\t\t\t<p>Buduj\u0105c dziuple do gniazdowania dzi\u0119cio\u0142 czarny tworzy mieszkania dla wielu innych gatunk\u00f3w, takich jak go\u0142\u0119bie siniaki, kawki, w\u0142ochatki, dzikie pszczo\u0142y, nietoperze i g\u0105go\u0142y (kt\u00f3re r\u00f3wnie\u017c mo\u017cna spotka\u0107 w lesie bukowym Grumsin). <br \/>Dzi\u0119cio\u0142 czarny jest najaktywniejszy przed po\u0142udniem i potem znowu po po\u0142udniu, dzi\u0119ki czemu mo\u017cna go zaobserwowa\u0107 w\u0119druj\u0105c po lesie. <br \/>Mo\u017cna go \u0142atwo rozpozna\u0107 po czarnym upierzeniu, ca\u0142kowicie czerwonym czubku u samca oraz czerwonej plamce na karku u samicy, a tak\u017ce po mocnym, \u017c\u00f3\u0142tym dziobie.<\/p>\n<p>O tej porze roku r\u00f3wnie\u017c pami\u0119taj o <a href=\"\/verhalten-im-weltnaturerbe\/\">zasadach zachowania si\u0119<\/a> w tym chronionym przez <a href=\"\/verhalten-im-weltnaturerbe\/\">UNESCO<\/a> obszarze i nie opuszczaj \u015bcie\u017cek.<\/p>\n\t\t\t\t\t\t\t\t<\/div>\n\t\t\t\t<\/div>\n\t\t\t\t<\/div>\n\t\t<div class=\"elementor-element elementor-element-697ac7e e-con-full e-flex e-con e-child\" data-id=\"697ac7e\" data-element_type=\"container\" data-e-type=\"container\">\n\t\t\t\t<div class=\"elementor-element elementor-element-e6bc90a elementor-widget elementor-widget-image\" data-id=\"e6bc90a\" data-element_type=\"widget\" data-e-type=\"widget\" data-widget_type=\"image.default\">\n\t\t\t\t<div class=\"elementor-widget-container\">\n\t\t\t\t\t\t\t\t\t\t\t\t<figure class=\"wp-caption\">\n\t\t\t\t\t\t\t\t\t\t<img loading=\"lazy\" decoding=\"async\" width=\"800\" height=\"534\" src=\"https:\/\/welterbe-grumsin.de\/wp-content\/uploads\/2024\/10\/schwarzspecht-im-totholz-buchenwald-crumsin-canva.jpg\" class=\"attachment-large size-large wp-image-6278\" alt=\"\" srcset=\"https:\/\/welterbe-grumsin.de\/wp-content\/uploads\/2024\/10\/schwarzspecht-im-totholz-buchenwald-crumsin-canva.jpg 1024w, https:\/\/welterbe-grumsin.de\/wp-content\/uploads\/2024\/10\/schwarzspecht-im-totholz-buchenwald-crumsin-canva-300x200.jpg 300w, https:\/\/welterbe-grumsin.de\/wp-content\/uploads\/2024\/10\/schwarzspecht-im-totholz-buchenwald-crumsin-canva-768x512.jpg 768w\" sizes=\"(max-width: 800px) 100vw, 800px\" \/>\t\t\t\t\t\t\t\t\t\t\t<figcaption class=\"widget-image-caption wp-caption-text\">Dzi\u0119cio\u0142 czarny w martwym drewnie, autor: Canva<\/figcaption>\n\t\t\t\t\t\t\t\t\t\t<\/figure>\n\t\t\t\t\t\t\t\t\t<\/div>\n\t\t\t\t<\/div>\n\t\t\t\t<\/div>\n\t\t\t\t\t<\/div>\n\t\t\t\t<\/div>\n\t\t<div class=\"elementor-element elementor-element-6f2b9ea e-flex e-con-boxed e-con e-parent\" data-id=\"6f2b9ea\" data-element_type=\"container\" data-e-type=\"container\">\n\t\t\t\t\t<div class=\"e-con-inner\">\n\t\t\t\t<div class=\"elementor-element elementor-element-150cd99 elementor-widget elementor-widget-heading\" data-id=\"150cd99\" data-element_type=\"widget\" data-e-type=\"widget\" data-widget_type=\"heading.default\">\n\t\t\t\t<div class=\"elementor-widget-container\">\n\t\t\t\t\t<h2 class=\"elementor-heading-title elementor-size-default\">Rozpoznawanie dzi\u0119cio\u0142a czarnego po jego g\u0142osie<\/h2>\t\t\t\t<\/div>\n\t\t\t\t<\/div>\n\t\t\t\t\t<\/div>\n\t\t\t\t<\/div>\n\t\t<div class=\"elementor-element elementor-element-2874755 e-flex e-con-boxed e-con e-parent\" data-id=\"2874755\" data-element_type=\"container\" data-e-type=\"container\">\n\t\t\t\t\t<div class=\"e-con-inner\">\n\t\t<div class=\"elementor-element elementor-element-fb66c44 e-con-full e-flex e-con e-child\" data-id=\"fb66c44\" data-element_type=\"container\" data-e-type=\"container\">\n\t\t\t\t<div class=\"elementor-element elementor-element-ffd7a04 elementor-widget elementor-widget-text-editor\" data-id=\"ffd7a04\" data-element_type=\"widget\" data-e-type=\"widget\" data-widget_type=\"text-editor.default\">\n\t\t\t\t<div class=\"elementor-widget-container\">\n\t\t\t\t\t\t\t\t\t<p>Kiedy dzi\u0119cio\u0142 nie jest widoczny, mo\u017cna go rozpozna\u0107 po charakterystycznych odg\u0142osach.<\/p>\n<p>Nawet gdy nawo\u0142ywania w okresie godowym s\u0105 bardzo intensywne, p\u00f3\u017an\u0105 jesieni\u0105 mo\u017cna us\u0142ysze\u0107 odg\u0142osy terytorialne odg\u0142osy przypominaj\u0105ce kwiki, po kt\u00f3rych nast\u0119puje b\u0119bnienie w drzewo. B\u0119bnienie dzi\u0119cio\u0142a czarnego jest wyra\u017anie s\u0142yszalne z kilku kilometr\u00f3w zar\u00f3wno dla cz\u0142owieka, jak i innych dzi\u0119cio\u0142\u00f3w. Jego zadaniem jest oznaczenie terytorium, ale te\u017c wzmocnienie partnerstwa oraz nawi\u0105zanie kontaktu. <br \/>Tu mo\u017cesz pos\u0142ucha\u0107 \u015bpiewu, nawo\u0142ywania, <a href=\"https:\/\/www.deutsche-vogelstimmen.de\/schwarzspecht\/\" target=\"_blank\" rel=\"noopener\">b\u0119bnienia i odg\u0142os\u00f3w podczas lotu dzi\u0119cio\u0142a czarnego.<\/a>  <\/p>\n\t\t\t\t\t\t\t\t<\/div>\n\t\t\t\t<\/div>\n\t\t\t\t<\/div>\n\t\t<div class=\"elementor-element elementor-element-b4c7dcc e-con-full e-flex e-con e-child\" data-id=\"b4c7dcc\" data-element_type=\"container\" data-e-type=\"container\">\n\t\t\t\t<div class=\"elementor-element elementor-element-0967c16 elementor-widget elementor-widget-image\" data-id=\"0967c16\" data-element_type=\"widget\" data-e-type=\"widget\" data-widget_type=\"image.default\">\n\t\t\t\t<div class=\"elementor-widget-container\">\n\t\t\t\t\t\t\t\t\t\t\t\t<figure class=\"wp-caption\">\n\t\t\t\t\t\t\t\t\t\t<img loading=\"lazy\" decoding=\"async\" width=\"800\" height=\"534\" src=\"https:\/\/welterbe-grumsin.de\/wp-content\/uploads\/2024\/10\/schwarzspechte-am-totholz-buchenwald-grumsin-canva.jpg\" class=\"attachment-large size-large wp-image-6280\" alt=\"\" srcset=\"https:\/\/welterbe-grumsin.de\/wp-content\/uploads\/2024\/10\/schwarzspechte-am-totholz-buchenwald-grumsin-canva.jpg 1024w, https:\/\/welterbe-grumsin.de\/wp-content\/uploads\/2024\/10\/schwarzspechte-am-totholz-buchenwald-grumsin-canva-300x200.jpg 300w, https:\/\/welterbe-grumsin.de\/wp-content\/uploads\/2024\/10\/schwarzspechte-am-totholz-buchenwald-grumsin-canva-768x512.jpg 768w\" sizes=\"(max-width: 800px) 100vw, 800px\" \/>\t\t\t\t\t\t\t\t\t\t\t<figcaption class=\"widget-image-caption wp-caption-text\">Dzi\u0119cio\u0142y czarne, autor: Canva<\/figcaption>\n\t\t\t\t\t\t\t\t\t\t<\/figure>\n\t\t\t\t\t\t\t\t\t<\/div>\n\t\t\t\t<\/div>\n\t\t\t\t<\/div>\n\t\t\t\t\t<\/div>\n\t\t\t\t<\/div>\n\t\t<div class=\"elementor-element elementor-element-133b52b e-flex e-con-boxed e-con e-parent\" data-id=\"133b52b\" data-element_type=\"container\" data-e-type=\"container\">\n\t\t\t\t\t<div class=\"e-con-inner\">\n\t\t\t\t<div class=\"elementor-element elementor-element-fbb97ca elementor-widget elementor-widget-text-editor\" data-id=\"fbb97ca\" data-element_type=\"widget\" data-e-type=\"widget\" data-widget_type=\"text-editor.default\">\n\t\t\t\t<div class=\"elementor-widget-container\">\n\t\t\t\t\t\t\t\t\t<p>Jednak jak odr\u00f3\u017cni\u0107 b\u0119bnienie poszczeg\u00f3lnych dzi\u0119cio\u0142\u00f3w? W odr\u00f3\u017cnieniu od dzi\u0119cio\u0142a pstrego dzi\u0119cio\u0142 czarny b\u0119bni znacznie <a href=\"https:\/\/www.deutsche-vogelstimmen.de\/buntspecht\/\" target=\"_blank\" rel=\"noopener\">g\u0142o\u015bniej, wolniej i d\u0142u\u017cej.<\/a>  <\/p>\n<p>Dlatego miejcie oczy i zw\u0142aszcza uszy otwarte, gdy p\u00f3\u017an\u0105 jesieni\u0105 przemierzacie las bukowy Grumsin.<\/p>\n<p>\u017byczymy mi\u0142ego pobytu w lesie bukowym Grumsin!<\/p>\n<p>Informacje o doje\u017adzie mo\u017cna znale\u017a\u0107 <a href=\"https:\/\/welterbe-grumsin.de\/pl\/anfahrt\/\">tutaj<\/a>.<\/p>\n\t\t\t\t\t\t\t\t<\/div>\n\t\t\t\t<\/div>\n\t\t\t\t\t<\/div>\n\t\t\t\t<\/div>\n\t\t<div class=\"elementor-element elementor-element-76c59c6 e-flex e-con-boxed e-con e-parent\" data-id=\"76c59c6\" data-element_type=\"container\" data-e-type=\"container\">\n\t\t\t\t\t<div class=\"e-con-inner\">\n\t\t\t\t<div class=\"elementor-element elementor-element-602edb7 elementor-widget elementor-widget-html\" data-id=\"602edb7\" data-element_type=\"widget\" data-e-type=\"widget\" data-widget_type=\"html.default\">\n\t\t\t\t<div class=\"elementor-widget-container\">\n\t\t\t\t\t<img loading=\"lazy\" decoding=\"async\" src=\"https:\/\/vg05.met.vgwort.de\/na\/e34759fdf43b4fcdbc5d8f3b8be9029d\" width=\"1\" height=\"1\" alt=\"\">\n\t\t\t\t<\/div>\n\t\t\t\t<\/div>\n\t\t\t\t\t<\/div>\n\t\t\t\t<\/div>\n\t\t\t\t<\/div>\n\t\t","protected":false},"excerpt":{"rendered":"<p>Atmosfera jesieni w lesie bukowym Grumsin Je\u015bli kto\u015b uwa\u017ca, \u017ce las bukowy Grumsin warto odwiedzi\u0107 tylko latem, stanowczo si\u0119 myli. Obiekt \u015bwiatowego dziedzictwa przyrodniczego UNESCO las bukowy Grumsin mo\u017cna podziwia\u0107 o ka\u017cdej porze roku. R\u00f3wnie\u017c w listopadzie. Z jednej strony w tym czasie wra\u017cenie robi\u0105 jesienne barwy buk\u00f3w: tony z\u0142ota, pomara\u0144czu i br\u0105z\u00f3w. Z drugiej [&hellip;]<\/p>\n","protected":false},"author":1,"featured_media":6294,"comment_status":"open","ping_status":"open","sticky":false,"template":"","format":"standard","meta":{"_acf_changed":false,"inline_featured_image":false,"footnotes":""},"categories":[72,71],"tags":[73],"class_list":["post-6932","post","type-post","status-publish","format-standard","has-post-thumbnail","hentry","category-aktuelles-pl","category-news-pl","tag-news-pl"],"acf":[],"yoast_head":"<!-- This site is optimized with the Yoast SEO plugin v27.5 - https:\/\/yoast.com\/product\/yoast-seo-wordpress\/ -->\n<title>Jesienna atmosfera w listopadzie i obserwowanie dzi\u0119cio\u0142\u00f3w czarnych - Infopunkt Weltnaturerbe Brandenburgs UNESCO<\/title>\n<meta name=\"description\" content=\"Jesienna atmosfera w bukowym lesie Grumsin. Obserwuj dzi\u0119cio\u0142y czarne i grzyby i ws\u0142uchaj si\u0119 w cisz\u0119 w bukowym lesie Grumsin w listopadzie.\" \/>\n<meta name=\"robots\" content=\"index, follow, max-snippet:-1, max-image-preview:large, max-video-preview:-1\" \/>\n<link rel=\"canonical\" href=\"https:\/\/welterbe-grumsin.de\/pl\/2024\/10\/17\/autumn-atmosphere-in-november-and-watching-black-woodpeckers\/\" \/>\n<meta property=\"og:locale\" content=\"pl_PL\" \/>\n<meta property=\"og:type\" content=\"article\" \/>\n<meta property=\"og:title\" content=\"Jesienna atmosfera w listopadzie i obserwowanie dzi\u0119cio\u0142\u00f3w czarnych - Infopunkt Weltnaturerbe Brandenburgs UNESCO\" \/>\n<meta property=\"og:description\" content=\"Jesienna atmosfera w bukowym lesie Grumsin. Obserwuj dzi\u0119cio\u0142y czarne i grzyby i ws\u0142uchaj si\u0119 w cisz\u0119 w bukowym lesie Grumsin w listopadzie.\" \/>\n<meta property=\"og:url\" content=\"https:\/\/welterbe-grumsin.de\/pl\/2024\/10\/17\/autumn-atmosphere-in-november-and-watching-black-woodpeckers\/\" \/>\n<meta property=\"og:site_name\" content=\"Infopunkt Weltnaturerbe Brandenburgs UNESCO\" \/>\n<meta property=\"article:published_time\" content=\"2024-10-17T05:32:10+00:00\" \/>\n<meta property=\"article:modified_time\" content=\"2025-02-25T15:18:35+00:00\" \/>\n<meta property=\"og:image\" content=\"https:\/\/welterbe-grumsin.de\/wp-content\/uploads\/2024\/10\/Novemberatmosphaere-Vorschaubild-Buchenwald-Grumsin.jpg\" \/>\n\t<meta property=\"og:image:width\" content=\"1024\" \/>\n\t<meta property=\"og:image:height\" content=\"683\" \/>\n\t<meta property=\"og:image:type\" content=\"image\/jpeg\" \/>\n<meta name=\"author\" content=\"formatwerbung.eu\" \/>\n<meta name=\"twitter:card\" content=\"summary_large_image\" \/>\n<meta name=\"twitter:label1\" content=\"Napisane przez\" \/>\n\t<meta name=\"twitter:data1\" content=\"formatwerbung.eu\" \/>\n\t<meta name=\"twitter:label2\" content=\"Szacowany czas czytania\" \/>\n\t<meta name=\"twitter:data2\" content=\"4 minuty\" \/>\n<script type=\"application\/ld+json\" class=\"yoast-schema-graph\">{\"@context\":\"https:\\\/\\\/schema.org\",\"@graph\":[{\"@type\":\"Article\",\"@id\":\"https:\\\/\\\/welterbe-grumsin.de\\\/pl\\\/2024\\\/10\\\/17\\\/autumn-atmosphere-in-november-and-watching-black-woodpeckers\\\/#article\",\"isPartOf\":{\"@id\":\"https:\\\/\\\/welterbe-grumsin.de\\\/pl\\\/2024\\\/10\\\/17\\\/autumn-atmosphere-in-november-and-watching-black-woodpeckers\\\/\"},\"author\":{\"name\":\"formatwerbung.eu\",\"@id\":\"https:\\\/\\\/welterbe-grumsin.de\\\/pl\\\/#\\\/schema\\\/person\\\/d66adea7e4e4aedc4cabb6348c99b782\"},\"headline\":\"Jesienna atmosfera w listopadzie i obserwowanie dzi\u0119cio\u0142\u00f3w czarnych\",\"datePublished\":\"2024-10-17T05:32:10+00:00\",\"dateModified\":\"2025-02-25T15:18:35+00:00\",\"mainEntityOfPage\":{\"@id\":\"https:\\\/\\\/welterbe-grumsin.de\\\/pl\\\/2024\\\/10\\\/17\\\/autumn-atmosphere-in-november-and-watching-black-woodpeckers\\\/\"},\"wordCount\":760,\"commentCount\":0,\"publisher\":{\"@id\":\"https:\\\/\\\/welterbe-grumsin.de\\\/pl\\\/#organization\"},\"image\":{\"@id\":\"https:\\\/\\\/welterbe-grumsin.de\\\/pl\\\/2024\\\/10\\\/17\\\/autumn-atmosphere-in-november-and-watching-black-woodpeckers\\\/#primaryimage\"},\"thumbnailUrl\":\"https:\\\/\\\/welterbe-grumsin.de\\\/wp-content\\\/uploads\\\/2024\\\/10\\\/Novemberatmosphaere-Vorschaubild-Buchenwald-Grumsin.jpg\",\"keywords\":[\"News\"],\"articleSection\":[\"Aktuelles\",\"News\"],\"inLanguage\":\"pl-PL\",\"potentialAction\":[{\"@type\":\"CommentAction\",\"name\":\"Comment\",\"target\":[\"https:\\\/\\\/welterbe-grumsin.de\\\/pl\\\/2024\\\/10\\\/17\\\/autumn-atmosphere-in-november-and-watching-black-woodpeckers\\\/#respond\"]}]},{\"@type\":\"WebPage\",\"@id\":\"https:\\\/\\\/welterbe-grumsin.de\\\/pl\\\/2024\\\/10\\\/17\\\/autumn-atmosphere-in-november-and-watching-black-woodpeckers\\\/\",\"url\":\"https:\\\/\\\/welterbe-grumsin.de\\\/pl\\\/2024\\\/10\\\/17\\\/autumn-atmosphere-in-november-and-watching-black-woodpeckers\\\/\",\"name\":\"Jesienna atmosfera w listopadzie i obserwowanie dzi\u0119cio\u0142\u00f3w czarnych - Infopunkt Weltnaturerbe Brandenburgs UNESCO\",\"isPartOf\":{\"@id\":\"https:\\\/\\\/welterbe-grumsin.de\\\/pl\\\/#website\"},\"primaryImageOfPage\":{\"@id\":\"https:\\\/\\\/welterbe-grumsin.de\\\/pl\\\/2024\\\/10\\\/17\\\/autumn-atmosphere-in-november-and-watching-black-woodpeckers\\\/#primaryimage\"},\"image\":{\"@id\":\"https:\\\/\\\/welterbe-grumsin.de\\\/pl\\\/2024\\\/10\\\/17\\\/autumn-atmosphere-in-november-and-watching-black-woodpeckers\\\/#primaryimage\"},\"thumbnailUrl\":\"https:\\\/\\\/welterbe-grumsin.de\\\/wp-content\\\/uploads\\\/2024\\\/10\\\/Novemberatmosphaere-Vorschaubild-Buchenwald-Grumsin.jpg\",\"datePublished\":\"2024-10-17T05:32:10+00:00\",\"dateModified\":\"2025-02-25T15:18:35+00:00\",\"description\":\"Jesienna atmosfera w bukowym lesie Grumsin. Obserwuj dzi\u0119cio\u0142y czarne i grzyby i ws\u0142uchaj si\u0119 w cisz\u0119 w bukowym lesie Grumsin w listopadzie.\",\"breadcrumb\":{\"@id\":\"https:\\\/\\\/welterbe-grumsin.de\\\/pl\\\/2024\\\/10\\\/17\\\/autumn-atmosphere-in-november-and-watching-black-woodpeckers\\\/#breadcrumb\"},\"inLanguage\":\"pl-PL\",\"potentialAction\":[{\"@type\":\"ReadAction\",\"target\":[\"https:\\\/\\\/welterbe-grumsin.de\\\/pl\\\/2024\\\/10\\\/17\\\/autumn-atmosphere-in-november-and-watching-black-woodpeckers\\\/\"]}]},{\"@type\":\"ImageObject\",\"inLanguage\":\"pl-PL\",\"@id\":\"https:\\\/\\\/welterbe-grumsin.de\\\/pl\\\/2024\\\/10\\\/17\\\/autumn-atmosphere-in-november-and-watching-black-woodpeckers\\\/#primaryimage\",\"url\":\"https:\\\/\\\/welterbe-grumsin.de\\\/wp-content\\\/uploads\\\/2024\\\/10\\\/Novemberatmosphaere-Vorschaubild-Buchenwald-Grumsin.jpg\",\"contentUrl\":\"https:\\\/\\\/welterbe-grumsin.de\\\/wp-content\\\/uploads\\\/2024\\\/10\\\/Novemberatmosphaere-Vorschaubild-Buchenwald-Grumsin.jpg\",\"width\":1024,\"height\":683},{\"@type\":\"BreadcrumbList\",\"@id\":\"https:\\\/\\\/welterbe-grumsin.de\\\/pl\\\/2024\\\/10\\\/17\\\/autumn-atmosphere-in-november-and-watching-black-woodpeckers\\\/#breadcrumb\",\"itemListElement\":[{\"@type\":\"ListItem\",\"position\":1,\"name\":\"Startseite\",\"item\":\"https:\\\/\\\/welterbe-grumsin.de\\\/pl\\\/strona-glowna\\\/\"},{\"@type\":\"ListItem\",\"position\":2,\"name\":\"Jesienna atmosfera w listopadzie i obserwowanie dzi\u0119cio\u0142\u00f3w czarnych\"}]},{\"@type\":\"WebSite\",\"@id\":\"https:\\\/\\\/welterbe-grumsin.de\\\/pl\\\/#website\",\"url\":\"https:\\\/\\\/welterbe-grumsin.de\\\/pl\\\/\",\"name\":\"welterbe-grumsin\",\"description\":\"Buchenwald Grumsin - Brandenburgs einziges UNESCO-Weltnaturerbe\",\"publisher\":{\"@id\":\"https:\\\/\\\/welterbe-grumsin.de\\\/pl\\\/#organization\"},\"potentialAction\":[{\"@type\":\"SearchAction\",\"target\":{\"@type\":\"EntryPoint\",\"urlTemplate\":\"https:\\\/\\\/welterbe-grumsin.de\\\/pl\\\/?s={search_term_string}\"},\"query-input\":{\"@type\":\"PropertyValueSpecification\",\"valueRequired\":true,\"valueName\":\"search_term_string\"}}],\"inLanguage\":\"pl-PL\"},{\"@type\":\"Organization\",\"@id\":\"https:\\\/\\\/welterbe-grumsin.de\\\/pl\\\/#organization\",\"name\":\"Infopunkt Weltnaturerbe Brandenburgs UNESCO\",\"url\":\"https:\\\/\\\/welterbe-grumsin.de\\\/pl\\\/\",\"logo\":{\"@type\":\"ImageObject\",\"inLanguage\":\"pl-PL\",\"@id\":\"https:\\\/\\\/welterbe-grumsin.de\\\/pl\\\/#\\\/schema\\\/logo\\\/image\\\/\",\"url\":\"https:\\\/\\\/welterbe-grumsin.de\\\/wp-content\\\/uploads\\\/2024\\\/06\\\/weltnaturerbe_logo.svg\",\"contentUrl\":\"https:\\\/\\\/welterbe-grumsin.de\\\/wp-content\\\/uploads\\\/2024\\\/06\\\/weltnaturerbe_logo.svg\",\"width\":204,\"height\":273,\"caption\":\"Infopunkt Weltnaturerbe Brandenburgs UNESCO\"},\"image\":{\"@id\":\"https:\\\/\\\/welterbe-grumsin.de\\\/pl\\\/#\\\/schema\\\/logo\\\/image\\\/\"}},{\"@type\":\"Person\",\"@id\":\"https:\\\/\\\/welterbe-grumsin.de\\\/pl\\\/#\\\/schema\\\/person\\\/d66adea7e4e4aedc4cabb6348c99b782\",\"name\":\"formatwerbung.eu\",\"image\":{\"@type\":\"ImageObject\",\"inLanguage\":\"pl-PL\",\"@id\":\"https:\\\/\\\/secure.gravatar.com\\\/avatar\\\/7b0a6fa998ce02679f53092643712d5862f983bd76432dca1f07a1dd6b71631d?s=96&d=mm&r=g\",\"url\":\"https:\\\/\\\/secure.gravatar.com\\\/avatar\\\/7b0a6fa998ce02679f53092643712d5862f983bd76432dca1f07a1dd6b71631d?s=96&d=mm&r=g\",\"contentUrl\":\"https:\\\/\\\/secure.gravatar.com\\\/avatar\\\/7b0a6fa998ce02679f53092643712d5862f983bd76432dca1f07a1dd6b71631d?s=96&d=mm&r=g\",\"caption\":\"formatwerbung.eu\"},\"sameAs\":[\"https:\\\/\\\/welterbe-grumsin.de\"],\"url\":\"https:\\\/\\\/welterbe-grumsin.de\\\/pl\\\/author\\\/formatwerbung-eu\\\/\"}]}<\/script>\n<!-- \/ Yoast SEO plugin. -->","yoast_head_json":{"title":"Jesienna atmosfera w listopadzie i obserwowanie dzi\u0119cio\u0142\u00f3w czarnych - Infopunkt Weltnaturerbe Brandenburgs UNESCO","description":"Jesienna atmosfera w bukowym lesie Grumsin. Obserwuj dzi\u0119cio\u0142y czarne i grzyby i ws\u0142uchaj si\u0119 w cisz\u0119 w bukowym lesie Grumsin w listopadzie.","robots":{"index":"index","follow":"follow","max-snippet":"max-snippet:-1","max-image-preview":"max-image-preview:large","max-video-preview":"max-video-preview:-1"},"canonical":"https:\/\/welterbe-grumsin.de\/pl\/2024\/10\/17\/autumn-atmosphere-in-november-and-watching-black-woodpeckers\/","og_locale":"pl_PL","og_type":"article","og_title":"Jesienna atmosfera w listopadzie i obserwowanie dzi\u0119cio\u0142\u00f3w czarnych - Infopunkt Weltnaturerbe Brandenburgs UNESCO","og_description":"Jesienna atmosfera w bukowym lesie Grumsin. Obserwuj dzi\u0119cio\u0142y czarne i grzyby i ws\u0142uchaj si\u0119 w cisz\u0119 w bukowym lesie Grumsin w listopadzie.","og_url":"https:\/\/welterbe-grumsin.de\/pl\/2024\/10\/17\/autumn-atmosphere-in-november-and-watching-black-woodpeckers\/","og_site_name":"Infopunkt Weltnaturerbe Brandenburgs UNESCO","article_published_time":"2024-10-17T05:32:10+00:00","article_modified_time":"2025-02-25T15:18:35+00:00","og_image":[{"width":1024,"height":683,"url":"https:\/\/welterbe-grumsin.de\/wp-content\/uploads\/2024\/10\/Novemberatmosphaere-Vorschaubild-Buchenwald-Grumsin.jpg","type":"image\/jpeg"}],"author":"formatwerbung.eu","twitter_card":"summary_large_image","twitter_misc":{"Napisane przez":"formatwerbung.eu","Szacowany czas czytania":"4 minuty"},"schema":{"@context":"https:\/\/schema.org","@graph":[{"@type":"Article","@id":"https:\/\/welterbe-grumsin.de\/pl\/2024\/10\/17\/autumn-atmosphere-in-november-and-watching-black-woodpeckers\/#article","isPartOf":{"@id":"https:\/\/welterbe-grumsin.de\/pl\/2024\/10\/17\/autumn-atmosphere-in-november-and-watching-black-woodpeckers\/"},"author":{"name":"formatwerbung.eu","@id":"https:\/\/welterbe-grumsin.de\/pl\/#\/schema\/person\/d66adea7e4e4aedc4cabb6348c99b782"},"headline":"Jesienna atmosfera w listopadzie i obserwowanie dzi\u0119cio\u0142\u00f3w czarnych","datePublished":"2024-10-17T05:32:10+00:00","dateModified":"2025-02-25T15:18:35+00:00","mainEntityOfPage":{"@id":"https:\/\/welterbe-grumsin.de\/pl\/2024\/10\/17\/autumn-atmosphere-in-november-and-watching-black-woodpeckers\/"},"wordCount":760,"commentCount":0,"publisher":{"@id":"https:\/\/welterbe-grumsin.de\/pl\/#organization"},"image":{"@id":"https:\/\/welterbe-grumsin.de\/pl\/2024\/10\/17\/autumn-atmosphere-in-november-and-watching-black-woodpeckers\/#primaryimage"},"thumbnailUrl":"https:\/\/welterbe-grumsin.de\/wp-content\/uploads\/2024\/10\/Novemberatmosphaere-Vorschaubild-Buchenwald-Grumsin.jpg","keywords":["News"],"articleSection":["Aktuelles","News"],"inLanguage":"pl-PL","potentialAction":[{"@type":"CommentAction","name":"Comment","target":["https:\/\/welterbe-grumsin.de\/pl\/2024\/10\/17\/autumn-atmosphere-in-november-and-watching-black-woodpeckers\/#respond"]}]},{"@type":"WebPage","@id":"https:\/\/welterbe-grumsin.de\/pl\/2024\/10\/17\/autumn-atmosphere-in-november-and-watching-black-woodpeckers\/","url":"https:\/\/welterbe-grumsin.de\/pl\/2024\/10\/17\/autumn-atmosphere-in-november-and-watching-black-woodpeckers\/","name":"Jesienna atmosfera w listopadzie i obserwowanie dzi\u0119cio\u0142\u00f3w czarnych - Infopunkt Weltnaturerbe Brandenburgs UNESCO","isPartOf":{"@id":"https:\/\/welterbe-grumsin.de\/pl\/#website"},"primaryImageOfPage":{"@id":"https:\/\/welterbe-grumsin.de\/pl\/2024\/10\/17\/autumn-atmosphere-in-november-and-watching-black-woodpeckers\/#primaryimage"},"image":{"@id":"https:\/\/welterbe-grumsin.de\/pl\/2024\/10\/17\/autumn-atmosphere-in-november-and-watching-black-woodpeckers\/#primaryimage"},"thumbnailUrl":"https:\/\/welterbe-grumsin.de\/wp-content\/uploads\/2024\/10\/Novemberatmosphaere-Vorschaubild-Buchenwald-Grumsin.jpg","datePublished":"2024-10-17T05:32:10+00:00","dateModified":"2025-02-25T15:18:35+00:00","description":"Jesienna atmosfera w bukowym lesie Grumsin. Obserwuj dzi\u0119cio\u0142y czarne i grzyby i ws\u0142uchaj si\u0119 w cisz\u0119 w bukowym lesie Grumsin w listopadzie.","breadcrumb":{"@id":"https:\/\/welterbe-grumsin.de\/pl\/2024\/10\/17\/autumn-atmosphere-in-november-and-watching-black-woodpeckers\/#breadcrumb"},"inLanguage":"pl-PL","potentialAction":[{"@type":"ReadAction","target":["https:\/\/welterbe-grumsin.de\/pl\/2024\/10\/17\/autumn-atmosphere-in-november-and-watching-black-woodpeckers\/"]}]},{"@type":"ImageObject","inLanguage":"pl-PL","@id":"https:\/\/welterbe-grumsin.de\/pl\/2024\/10\/17\/autumn-atmosphere-in-november-and-watching-black-woodpeckers\/#primaryimage","url":"https:\/\/welterbe-grumsin.de\/wp-content\/uploads\/2024\/10\/Novemberatmosphaere-Vorschaubild-Buchenwald-Grumsin.jpg","contentUrl":"https:\/\/welterbe-grumsin.de\/wp-content\/uploads\/2024\/10\/Novemberatmosphaere-Vorschaubild-Buchenwald-Grumsin.jpg","width":1024,"height":683},{"@type":"BreadcrumbList","@id":"https:\/\/welterbe-grumsin.de\/pl\/2024\/10\/17\/autumn-atmosphere-in-november-and-watching-black-woodpeckers\/#breadcrumb","itemListElement":[{"@type":"ListItem","position":1,"name":"Startseite","item":"https:\/\/welterbe-grumsin.de\/pl\/strona-glowna\/"},{"@type":"ListItem","position":2,"name":"Jesienna atmosfera w listopadzie i obserwowanie dzi\u0119cio\u0142\u00f3w czarnych"}]},{"@type":"WebSite","@id":"https:\/\/welterbe-grumsin.de\/pl\/#website","url":"https:\/\/welterbe-grumsin.de\/pl\/","name":"welterbe-grumsin","description":"Buchenwald Grumsin - Brandenburgs einziges UNESCO-Weltnaturerbe","publisher":{"@id":"https:\/\/welterbe-grumsin.de\/pl\/#organization"},"potentialAction":[{"@type":"SearchAction","target":{"@type":"EntryPoint","urlTemplate":"https:\/\/welterbe-grumsin.de\/pl\/?s={search_term_string}"},"query-input":{"@type":"PropertyValueSpecification","valueRequired":true,"valueName":"search_term_string"}}],"inLanguage":"pl-PL"},{"@type":"Organization","@id":"https:\/\/welterbe-grumsin.de\/pl\/#organization","name":"Infopunkt Weltnaturerbe Brandenburgs UNESCO","url":"https:\/\/welterbe-grumsin.de\/pl\/","logo":{"@type":"ImageObject","inLanguage":"pl-PL","@id":"https:\/\/welterbe-grumsin.de\/pl\/#\/schema\/logo\/image\/","url":"https:\/\/welterbe-grumsin.de\/wp-content\/uploads\/2024\/06\/weltnaturerbe_logo.svg","contentUrl":"https:\/\/welterbe-grumsin.de\/wp-content\/uploads\/2024\/06\/weltnaturerbe_logo.svg","width":204,"height":273,"caption":"Infopunkt Weltnaturerbe Brandenburgs UNESCO"},"image":{"@id":"https:\/\/welterbe-grumsin.de\/pl\/#\/schema\/logo\/image\/"}},{"@type":"Person","@id":"https:\/\/welterbe-grumsin.de\/pl\/#\/schema\/person\/d66adea7e4e4aedc4cabb6348c99b782","name":"formatwerbung.eu","image":{"@type":"ImageObject","inLanguage":"pl-PL","@id":"https:\/\/secure.gravatar.com\/avatar\/7b0a6fa998ce02679f53092643712d5862f983bd76432dca1f07a1dd6b71631d?s=96&d=mm&r=g","url":"https:\/\/secure.gravatar.com\/avatar\/7b0a6fa998ce02679f53092643712d5862f983bd76432dca1f07a1dd6b71631d?s=96&d=mm&r=g","contentUrl":"https:\/\/secure.gravatar.com\/avatar\/7b0a6fa998ce02679f53092643712d5862f983bd76432dca1f07a1dd6b71631d?s=96&d=mm&r=g","caption":"formatwerbung.eu"},"sameAs":["https:\/\/welterbe-grumsin.de"],"url":"https:\/\/welterbe-grumsin.de\/pl\/author\/formatwerbung-eu\/"}]}},"_links":{"self":[{"href":"https:\/\/welterbe-grumsin.de\/pl\/wp-json\/wp\/v2\/posts\/6932","targetHints":{"allow":["GET"]}}],"collection":[{"href":"https:\/\/welterbe-grumsin.de\/pl\/wp-json\/wp\/v2\/posts"}],"about":[{"href":"https:\/\/welterbe-grumsin.de\/pl\/wp-json\/wp\/v2\/types\/post"}],"author":[{"embeddable":true,"href":"https:\/\/welterbe-grumsin.de\/pl\/wp-json\/wp\/v2\/users\/1"}],"replies":[{"embeddable":true,"href":"https:\/\/welterbe-grumsin.de\/pl\/wp-json\/wp\/v2\/comments?post=6932"}],"version-history":[{"count":3,"href":"https:\/\/welterbe-grumsin.de\/pl\/wp-json\/wp\/v2\/posts\/6932\/revisions"}],"predecessor-version":[{"id":7175,"href":"https:\/\/welterbe-grumsin.de\/pl\/wp-json\/wp\/v2\/posts\/6932\/revisions\/7175"}],"wp:featuredmedia":[{"embeddable":true,"href":"https:\/\/welterbe-grumsin.de\/pl\/wp-json\/wp\/v2\/media\/6294"}],"wp:attachment":[{"href":"https:\/\/welterbe-grumsin.de\/pl\/wp-json\/wp\/v2\/media?parent=6932"}],"wp:term":[{"taxonomy":"category","embeddable":true,"href":"https:\/\/welterbe-grumsin.de\/pl\/wp-json\/wp\/v2\/categories?post=6932"},{"taxonomy":"post_tag","embeddable":true,"href":"https:\/\/welterbe-grumsin.de\/pl\/wp-json\/wp\/v2\/tags?post=6932"}],"curies":[{"name":"wp","href":"https:\/\/api.w.org\/{rel}","templated":true}]}}