{"id":7182,"date":"2024-06-20T07:31:16","date_gmt":"2024-06-20T05:31:16","guid":{"rendered":"https:\/\/welterbe-grumsin.de\/2024\/06\/20\/las-bukowy-grumsin-tylko-w-jezyku-niemieckim\/"},"modified":"2025-02-25T16:31:00","modified_gmt":"2025-02-25T15:31:00","slug":"las-bukowy-grumsin-tylko-w-jezyku-niemieckim","status":"publish","type":"post","link":"https:\/\/welterbe-grumsin.de\/pl\/2024\/06\/20\/las-bukowy-grumsin-tylko-w-jezyku-niemieckim\/","title":{"rendered":"Las bukowy Grumsin (Tylko w j\u0119zyku niemieckim)"},"content":{"rendered":"&#13;\n<p>W samym sercu Rezerwatu Biosfery Schorfheide-Chorin, oko\u0142o 80 kilometr\u00f3w na p\u00f3\u0142nocny wsch\u00f3d od Berlina, znajduje si\u0119 Las Bukowy Grumsin, prawdziwy naturalny raj i cz\u0119\u015b\u0107 \u015awiatowego Dziedzictwa UNESCO \u201eStaro\u017cytne Lasy Bukowe Niemiec\u201d od 2011 roku. Las Grumsin zajmuje powierzchni\u0119 oko\u0142o 670 hektar\u00f3w i jest znany z imponuj\u0105cej r\u00f3\u017cnorodno\u015bci biologicznej i fascynuj\u0105cej dziewiczej przyrody le\u015bnego krajobrazu.<br\/>Przet\u0142umaczono z www.DeepL.com\/Translator (wersja darmowa) <\/p>&#13;\n&#13;\n<h3 class=\"wp-block-heading\">Unikalny ekosystem<\/h3>&#13;\n&#13;\n<p>Las bukowy Grumsin charakteryzuje si\u0119 niemal naturaln\u0105 struktur\u0105 le\u015bn\u0105, kt\u00f3ra przez wieki rozwija\u0142a si\u0119 w du\u017cej mierze bez ingerencji cz\u0142owieka. Majestatyczne buki, z kt\u00f3rych niekt\u00f3re maj\u0105 ponad 200 lat, charakteryzuj\u0105 obraz tego lasu. Grumsin jest szczeg\u00f3lnie pi\u0119kny wiosn\u0105 i jesieni\u0105, kiedy las pokryty jest \u015bwiec\u0105cym baldachimem w soczystych odcieniach zieleni lub z\u0142ota, tworz\u0105c niepowtarzaln\u0105 atmosfer\u0119.<br\/>Przet\u0142umaczono z www.DeepL.com\/Translator (wersja darmowa)  <\/p>&#13;\n&#13;\n<h3 class=\"wp-block-heading\">Bior\u00f3\u017cnorodno\u015b\u0107 i ochrona przyrody<\/h3>&#13;\n&#13;\n<p>Liczne gatunki zwierz\u0105t i ro\u015blin znajduj\u0105 idealne siedlisko w lesie bukowym Grumsin. Mieszkaj\u0105 tu rzadkie gatunki ptak\u00f3w, takie jak bocian czarny i orze\u0142 bielik, a tak\u017ce r\u00f3\u017cne gatunki nietoperzy i imponuj\u0105cy jele\u0144 szlachetny. Grumsin ma r\u00f3wnie\u017c wiele do zaoferowania pod wzgl\u0119dem botanicznym: Opr\u00f3cz dominuj\u0105cych buk\u00f3w miedzianych, mo\u017cna tu r\u00f3wnie\u017c znale\u017a\u0107 d\u0119by szypu\u0142kowe, graby i r\u00f3\u017cne gatunki krzew\u00f3w, przyczyniaj\u0105c si\u0119 do wielowarstwowego i z\u0142o\u017conego ekosystemu le\u015bnego.<br\/>Przet\u0142umaczono z www.DeepL.com\/Translator (wersja darmowa)  <\/p>&#13;\n&#13;\n<p>Ochrona tego wyj\u0105tkowego obszaru przyrodniczego ma najwy\u017cszy priorytet. Region jest \u015bci\u015ble chroniony i mo\u017cna do niego wej\u015b\u0107 tylko po wyznaczonych \u015bcie\u017ckach, aby nie zak\u0142\u00f3ca\u0107 wra\u017cliwych siedlisk. Wprowadzono ukierunkowane \u015brodki, aby utrzyma\u0107 las w jak najbardziej naturalnym stanie i promowa\u0107 r\u00f3\u017cnorodno\u015b\u0107 biologiczn\u0105.  <\/p>&#13;\n&#13;\n<h3 class=\"wp-block-heading\">Do\u015bwiadczenia w lesie bukowym Grumsin<\/h3>&#13;\n&#13;\n<p>Mi\u0142o\u015bnikom przyrody i pieszych w\u0119dr\u00f3wek Grumsiner Forst oferuje wiele mo\u017cliwo\u015bci do\u015bwiadczania pi\u0119kna i spokoju lasu. Dobrze oznakowane szlaki turystyczne prowadz\u0105 przez zr\u00f3\u017cnicowany krajobraz g\u0119stych las\u00f3w bukowych, czystych jezior i podmok\u0142ych nizin. Tablice informacyjne wzd\u0142u\u017c szlak\u00f3w zapewniaj\u0105 wgl\u0105d w unikaln\u0105 flor\u0119 i faun\u0119 tego obszaru, a tak\u017ce histori\u0119 lasu.  <\/p>&#13;\n&#13;\n<p>Szczeg\u00f3lnie polecanym szlakiem turystycznym jest okr\u0119\u017cny szlak wok\u00f3\u0142 jeziora Grumsin. Ten oko\u0142o 10-kilometrowy szlak prowadzi przez g\u0142\u00f3wn\u0105 stref\u0119 lasu i oferuje spektakularne widoki na serce rezerwatu przyrody. Liczne miejsca odpoczynku po drodze zach\u0119caj\u0105 do rozkoszowania si\u0119 spokojem i naturalnym pi\u0119knem lasu.  <\/p>&#13;\n&#13;\n<h3 class=\"wp-block-heading\">Wnioski<\/h3>&#13;\n&#13;\n<p>Las bukowy Grumsin jest wyj\u0105tkowym przyk\u0142adem pi\u0119kna i r\u00f3\u017cnorodno\u015bci europejskich las\u00f3w bukowych. Dzi\u0119ki imponuj\u0105cej r\u00f3\u017cnorodno\u015bci biologicznej i dziewiczej przyrodzie stanowi cenne dziedzictwo, kt\u00f3re nale\u017cy zachowa\u0107. Wizyta w lesie Grumsin oferuje nie tylko relaks i rado\u015b\u0107 z obcowania z natur\u0105, ale tak\u017ce mo\u017cliwo\u015b\u0107 dowiedzenia si\u0119 wi\u0119cej o znaczeniu ochrony przyrody i zachowania cennych siedlisk.  <\/p>&#13;\n","protected":false},"excerpt":{"rendered":"<p>&#13; W samym sercu Rezerwatu Biosfery Schorfheide-Chorin, oko\u0142o 80 kilometr\u00f3w na p\u00f3\u0142nocny wsch\u00f3d od Berlina, znajduje si\u0119 Las Bukowy Grumsin, prawdziwy naturalny raj i cz\u0119\u015b\u0107 \u015awiatowego Dziedzictwa UNESCO \u201eStaro\u017cytne Lasy Bukowe Niemiec\u201d od 2011 roku. Las Grumsin zajmuje powierzchni\u0119 oko\u0142o 670 hektar\u00f3w i jest znany z imponuj\u0105cej r\u00f3\u017cnorodno\u015bci biologicznej i fascynuj\u0105cej dziewiczej przyrody le\u015bnego krajobrazu.Przet\u0142umaczono [&hellip;]<\/p>\n","protected":false},"author":1,"featured_media":5848,"comment_status":"open","ping_status":"open","sticky":false,"template":"","format":"standard","meta":{"_acf_changed":false,"inline_featured_image":false,"footnotes":""},"categories":[71],"tags":[73],"class_list":["post-7182","post","type-post","status-publish","format-standard","has-post-thumbnail","hentry","category-news-pl","tag-news-pl"],"acf":[],"yoast_head":"<!-- This site is optimized with the Yoast SEO plugin v27.5 - https:\/\/yoast.com\/product\/yoast-seo-wordpress\/ -->\n<title>Las bukowy Grumsin (Tylko w j\u0119zyku niemieckim) - Infopunkt Weltnaturerbe Brandenburgs UNESCO<\/title>\n<meta name=\"robots\" content=\"index, follow, max-snippet:-1, max-image-preview:large, max-video-preview:-1\" \/>\n<link rel=\"canonical\" href=\"https:\/\/welterbe-grumsin.de\/pl\/2024\/06\/20\/las-bukowy-grumsin-tylko-w-jezyku-niemieckim\/\" \/>\n<meta property=\"og:locale\" content=\"pl_PL\" \/>\n<meta property=\"og:type\" content=\"article\" \/>\n<meta property=\"og:title\" content=\"Las bukowy Grumsin (Tylko w j\u0119zyku niemieckim) - Infopunkt Weltnaturerbe Brandenburgs UNESCO\" \/>\n<meta property=\"og:description\" content=\"&#013; W samym sercu Rezerwatu Biosfery Schorfheide-Chorin, oko\u0142o 80 kilometr\u00f3w na p\u00f3\u0142nocny wsch\u00f3d od Berlina, znajduje si\u0119 Las Bukowy Grumsin, prawdziwy naturalny raj i cz\u0119\u015b\u0107 \u015awiatowego Dziedzictwa UNESCO \u201eStaro\u017cytne Lasy Bukowe Niemiec\u201d od 2011 roku. Las Grumsin zajmuje powierzchni\u0119 oko\u0142o 670 hektar\u00f3w i jest znany z imponuj\u0105cej r\u00f3\u017cnorodno\u015bci biologicznej i fascynuj\u0105cej dziewiczej przyrody le\u015bnego krajobrazu.Przet\u0142umaczono [&hellip;]\" \/>\n<meta property=\"og:url\" content=\"https:\/\/welterbe-grumsin.de\/pl\/2024\/06\/20\/las-bukowy-grumsin-tylko-w-jezyku-niemieckim\/\" \/>\n<meta property=\"og:site_name\" content=\"Infopunkt Weltnaturerbe Brandenburgs UNESCO\" \/>\n<meta property=\"article:published_time\" content=\"2024-06-20T05:31:16+00:00\" \/>\n<meta property=\"article:modified_time\" content=\"2025-02-25T15:31:00+00:00\" \/>\n<meta property=\"og:image\" content=\"https:\/\/welterbe-grumsin.de\/wp-content\/uploads\/2024\/06\/buchenwald_zeichnung.jpg\" \/>\n\t<meta property=\"og:image:width\" content=\"1000\" \/>\n\t<meta property=\"og:image:height\" content=\"1000\" \/>\n\t<meta property=\"og:image:type\" content=\"image\/jpeg\" \/>\n<meta name=\"author\" content=\"formatwerbung.eu\" \/>\n<meta name=\"twitter:card\" content=\"summary_large_image\" \/>\n<meta name=\"twitter:label1\" content=\"Napisane przez\" \/>\n\t<meta name=\"twitter:data1\" content=\"formatwerbung.eu\" \/>\n\t<meta name=\"twitter:label2\" content=\"Szacowany czas czytania\" \/>\n\t<meta name=\"twitter:data2\" content=\"2 minuty\" \/>\n<script type=\"application\/ld+json\" class=\"yoast-schema-graph\">{\"@context\":\"https:\\\/\\\/schema.org\",\"@graph\":[{\"@type\":\"Article\",\"@id\":\"https:\\\/\\\/welterbe-grumsin.de\\\/pl\\\/2024\\\/06\\\/20\\\/las-bukowy-grumsin-tylko-w-jezyku-niemieckim\\\/#article\",\"isPartOf\":{\"@id\":\"https:\\\/\\\/welterbe-grumsin.de\\\/pl\\\/2024\\\/06\\\/20\\\/las-bukowy-grumsin-tylko-w-jezyku-niemieckim\\\/\"},\"author\":{\"name\":\"formatwerbung.eu\",\"@id\":\"https:\\\/\\\/welterbe-grumsin.de\\\/pl\\\/#\\\/schema\\\/person\\\/d66adea7e4e4aedc4cabb6348c99b782\"},\"headline\":\"Las bukowy Grumsin (Tylko w j\u0119zyku niemieckim)\",\"datePublished\":\"2024-06-20T05:31:16+00:00\",\"dateModified\":\"2025-02-25T15:31:00+00:00\",\"mainEntityOfPage\":{\"@id\":\"https:\\\/\\\/welterbe-grumsin.de\\\/pl\\\/2024\\\/06\\\/20\\\/las-bukowy-grumsin-tylko-w-jezyku-niemieckim\\\/\"},\"wordCount\":492,\"commentCount\":0,\"publisher\":{\"@id\":\"https:\\\/\\\/welterbe-grumsin.de\\\/pl\\\/#organization\"},\"image\":{\"@id\":\"https:\\\/\\\/welterbe-grumsin.de\\\/pl\\\/2024\\\/06\\\/20\\\/las-bukowy-grumsin-tylko-w-jezyku-niemieckim\\\/#primaryimage\"},\"thumbnailUrl\":\"https:\\\/\\\/welterbe-grumsin.de\\\/wp-content\\\/uploads\\\/2024\\\/06\\\/buchenwald_zeichnung.jpg\",\"keywords\":[\"News\"],\"articleSection\":[\"News\"],\"inLanguage\":\"pl-PL\",\"potentialAction\":[{\"@type\":\"CommentAction\",\"name\":\"Comment\",\"target\":[\"https:\\\/\\\/welterbe-grumsin.de\\\/pl\\\/2024\\\/06\\\/20\\\/las-bukowy-grumsin-tylko-w-jezyku-niemieckim\\\/#respond\"]}]},{\"@type\":\"WebPage\",\"@id\":\"https:\\\/\\\/welterbe-grumsin.de\\\/pl\\\/2024\\\/06\\\/20\\\/las-bukowy-grumsin-tylko-w-jezyku-niemieckim\\\/\",\"url\":\"https:\\\/\\\/welterbe-grumsin.de\\\/pl\\\/2024\\\/06\\\/20\\\/las-bukowy-grumsin-tylko-w-jezyku-niemieckim\\\/\",\"name\":\"Las bukowy Grumsin (Tylko w j\u0119zyku niemieckim) - Infopunkt Weltnaturerbe Brandenburgs UNESCO\",\"isPartOf\":{\"@id\":\"https:\\\/\\\/welterbe-grumsin.de\\\/pl\\\/#website\"},\"primaryImageOfPage\":{\"@id\":\"https:\\\/\\\/welterbe-grumsin.de\\\/pl\\\/2024\\\/06\\\/20\\\/las-bukowy-grumsin-tylko-w-jezyku-niemieckim\\\/#primaryimage\"},\"image\":{\"@id\":\"https:\\\/\\\/welterbe-grumsin.de\\\/pl\\\/2024\\\/06\\\/20\\\/las-bukowy-grumsin-tylko-w-jezyku-niemieckim\\\/#primaryimage\"},\"thumbnailUrl\":\"https:\\\/\\\/welterbe-grumsin.de\\\/wp-content\\\/uploads\\\/2024\\\/06\\\/buchenwald_zeichnung.jpg\",\"datePublished\":\"2024-06-20T05:31:16+00:00\",\"dateModified\":\"2025-02-25T15:31:00+00:00\",\"breadcrumb\":{\"@id\":\"https:\\\/\\\/welterbe-grumsin.de\\\/pl\\\/2024\\\/06\\\/20\\\/las-bukowy-grumsin-tylko-w-jezyku-niemieckim\\\/#breadcrumb\"},\"inLanguage\":\"pl-PL\",\"potentialAction\":[{\"@type\":\"ReadAction\",\"target\":[\"https:\\\/\\\/welterbe-grumsin.de\\\/pl\\\/2024\\\/06\\\/20\\\/las-bukowy-grumsin-tylko-w-jezyku-niemieckim\\\/\"]}]},{\"@type\":\"ImageObject\",\"inLanguage\":\"pl-PL\",\"@id\":\"https:\\\/\\\/welterbe-grumsin.de\\\/pl\\\/2024\\\/06\\\/20\\\/las-bukowy-grumsin-tylko-w-jezyku-niemieckim\\\/#primaryimage\",\"url\":\"https:\\\/\\\/welterbe-grumsin.de\\\/wp-content\\\/uploads\\\/2024\\\/06\\\/buchenwald_zeichnung.jpg\",\"contentUrl\":\"https:\\\/\\\/welterbe-grumsin.de\\\/wp-content\\\/uploads\\\/2024\\\/06\\\/buchenwald_zeichnung.jpg\",\"width\":1000,\"height\":1000},{\"@type\":\"BreadcrumbList\",\"@id\":\"https:\\\/\\\/welterbe-grumsin.de\\\/pl\\\/2024\\\/06\\\/20\\\/las-bukowy-grumsin-tylko-w-jezyku-niemieckim\\\/#breadcrumb\",\"itemListElement\":[{\"@type\":\"ListItem\",\"position\":1,\"name\":\"Startseite\",\"item\":\"https:\\\/\\\/welterbe-grumsin.de\\\/pl\\\/strona-glowna\\\/\"},{\"@type\":\"ListItem\",\"position\":2,\"name\":\"Las bukowy Grumsin (Tylko w j\u0119zyku niemieckim)\"}]},{\"@type\":\"WebSite\",\"@id\":\"https:\\\/\\\/welterbe-grumsin.de\\\/pl\\\/#website\",\"url\":\"https:\\\/\\\/welterbe-grumsin.de\\\/pl\\\/\",\"name\":\"welterbe-grumsin\",\"description\":\"Buchenwald Grumsin - Brandenburgs einziges UNESCO-Weltnaturerbe\",\"publisher\":{\"@id\":\"https:\\\/\\\/welterbe-grumsin.de\\\/pl\\\/#organization\"},\"potentialAction\":[{\"@type\":\"SearchAction\",\"target\":{\"@type\":\"EntryPoint\",\"urlTemplate\":\"https:\\\/\\\/welterbe-grumsin.de\\\/pl\\\/?s={search_term_string}\"},\"query-input\":{\"@type\":\"PropertyValueSpecification\",\"valueRequired\":true,\"valueName\":\"search_term_string\"}}],\"inLanguage\":\"pl-PL\"},{\"@type\":\"Organization\",\"@id\":\"https:\\\/\\\/welterbe-grumsin.de\\\/pl\\\/#organization\",\"name\":\"Infopunkt Weltnaturerbe Brandenburgs UNESCO\",\"url\":\"https:\\\/\\\/welterbe-grumsin.de\\\/pl\\\/\",\"logo\":{\"@type\":\"ImageObject\",\"inLanguage\":\"pl-PL\",\"@id\":\"https:\\\/\\\/welterbe-grumsin.de\\\/pl\\\/#\\\/schema\\\/logo\\\/image\\\/\",\"url\":\"https:\\\/\\\/welterbe-grumsin.de\\\/wp-content\\\/uploads\\\/2024\\\/06\\\/weltnaturerbe_logo.svg\",\"contentUrl\":\"https:\\\/\\\/welterbe-grumsin.de\\\/wp-content\\\/uploads\\\/2024\\\/06\\\/weltnaturerbe_logo.svg\",\"width\":204,\"height\":273,\"caption\":\"Infopunkt Weltnaturerbe Brandenburgs UNESCO\"},\"image\":{\"@id\":\"https:\\\/\\\/welterbe-grumsin.de\\\/pl\\\/#\\\/schema\\\/logo\\\/image\\\/\"}},{\"@type\":\"Person\",\"@id\":\"https:\\\/\\\/welterbe-grumsin.de\\\/pl\\\/#\\\/schema\\\/person\\\/d66adea7e4e4aedc4cabb6348c99b782\",\"name\":\"formatwerbung.eu\",\"image\":{\"@type\":\"ImageObject\",\"inLanguage\":\"pl-PL\",\"@id\":\"https:\\\/\\\/secure.gravatar.com\\\/avatar\\\/7b0a6fa998ce02679f53092643712d5862f983bd76432dca1f07a1dd6b71631d?s=96&d=mm&r=g\",\"url\":\"https:\\\/\\\/secure.gravatar.com\\\/avatar\\\/7b0a6fa998ce02679f53092643712d5862f983bd76432dca1f07a1dd6b71631d?s=96&d=mm&r=g\",\"contentUrl\":\"https:\\\/\\\/secure.gravatar.com\\\/avatar\\\/7b0a6fa998ce02679f53092643712d5862f983bd76432dca1f07a1dd6b71631d?s=96&d=mm&r=g\",\"caption\":\"formatwerbung.eu\"},\"sameAs\":[\"https:\\\/\\\/welterbe-grumsin.de\"],\"url\":\"https:\\\/\\\/welterbe-grumsin.de\\\/pl\\\/author\\\/formatwerbung-eu\\\/\"}]}<\/script>\n<!-- \/ Yoast SEO plugin. -->","yoast_head_json":{"title":"Las bukowy Grumsin (Tylko w j\u0119zyku niemieckim) - Infopunkt Weltnaturerbe Brandenburgs UNESCO","robots":{"index":"index","follow":"follow","max-snippet":"max-snippet:-1","max-image-preview":"max-image-preview:large","max-video-preview":"max-video-preview:-1"},"canonical":"https:\/\/welterbe-grumsin.de\/pl\/2024\/06\/20\/las-bukowy-grumsin-tylko-w-jezyku-niemieckim\/","og_locale":"pl_PL","og_type":"article","og_title":"Las bukowy Grumsin (Tylko w j\u0119zyku niemieckim) - Infopunkt Weltnaturerbe Brandenburgs UNESCO","og_description":"&#13; W samym sercu Rezerwatu Biosfery Schorfheide-Chorin, oko\u0142o 80 kilometr\u00f3w na p\u00f3\u0142nocny wsch\u00f3d od Berlina, znajduje si\u0119 Las Bukowy Grumsin, prawdziwy naturalny raj i cz\u0119\u015b\u0107 \u015awiatowego Dziedzictwa UNESCO \u201eStaro\u017cytne Lasy Bukowe Niemiec\u201d od 2011 roku. Las Grumsin zajmuje powierzchni\u0119 oko\u0142o 670 hektar\u00f3w i jest znany z imponuj\u0105cej r\u00f3\u017cnorodno\u015bci biologicznej i fascynuj\u0105cej dziewiczej przyrody le\u015bnego krajobrazu.Przet\u0142umaczono [&hellip;]","og_url":"https:\/\/welterbe-grumsin.de\/pl\/2024\/06\/20\/las-bukowy-grumsin-tylko-w-jezyku-niemieckim\/","og_site_name":"Infopunkt Weltnaturerbe Brandenburgs UNESCO","article_published_time":"2024-06-20T05:31:16+00:00","article_modified_time":"2025-02-25T15:31:00+00:00","og_image":[{"width":1000,"height":1000,"url":"https:\/\/welterbe-grumsin.de\/wp-content\/uploads\/2024\/06\/buchenwald_zeichnung.jpg","type":"image\/jpeg"}],"author":"formatwerbung.eu","twitter_card":"summary_large_image","twitter_misc":{"Napisane przez":"formatwerbung.eu","Szacowany czas czytania":"2 minuty"},"schema":{"@context":"https:\/\/schema.org","@graph":[{"@type":"Article","@id":"https:\/\/welterbe-grumsin.de\/pl\/2024\/06\/20\/las-bukowy-grumsin-tylko-w-jezyku-niemieckim\/#article","isPartOf":{"@id":"https:\/\/welterbe-grumsin.de\/pl\/2024\/06\/20\/las-bukowy-grumsin-tylko-w-jezyku-niemieckim\/"},"author":{"name":"formatwerbung.eu","@id":"https:\/\/welterbe-grumsin.de\/pl\/#\/schema\/person\/d66adea7e4e4aedc4cabb6348c99b782"},"headline":"Las bukowy Grumsin (Tylko w j\u0119zyku niemieckim)","datePublished":"2024-06-20T05:31:16+00:00","dateModified":"2025-02-25T15:31:00+00:00","mainEntityOfPage":{"@id":"https:\/\/welterbe-grumsin.de\/pl\/2024\/06\/20\/las-bukowy-grumsin-tylko-w-jezyku-niemieckim\/"},"wordCount":492,"commentCount":0,"publisher":{"@id":"https:\/\/welterbe-grumsin.de\/pl\/#organization"},"image":{"@id":"https:\/\/welterbe-grumsin.de\/pl\/2024\/06\/20\/las-bukowy-grumsin-tylko-w-jezyku-niemieckim\/#primaryimage"},"thumbnailUrl":"https:\/\/welterbe-grumsin.de\/wp-content\/uploads\/2024\/06\/buchenwald_zeichnung.jpg","keywords":["News"],"articleSection":["News"],"inLanguage":"pl-PL","potentialAction":[{"@type":"CommentAction","name":"Comment","target":["https:\/\/welterbe-grumsin.de\/pl\/2024\/06\/20\/las-bukowy-grumsin-tylko-w-jezyku-niemieckim\/#respond"]}]},{"@type":"WebPage","@id":"https:\/\/welterbe-grumsin.de\/pl\/2024\/06\/20\/las-bukowy-grumsin-tylko-w-jezyku-niemieckim\/","url":"https:\/\/welterbe-grumsin.de\/pl\/2024\/06\/20\/las-bukowy-grumsin-tylko-w-jezyku-niemieckim\/","name":"Las bukowy Grumsin (Tylko w j\u0119zyku niemieckim) - Infopunkt Weltnaturerbe Brandenburgs UNESCO","isPartOf":{"@id":"https:\/\/welterbe-grumsin.de\/pl\/#website"},"primaryImageOfPage":{"@id":"https:\/\/welterbe-grumsin.de\/pl\/2024\/06\/20\/las-bukowy-grumsin-tylko-w-jezyku-niemieckim\/#primaryimage"},"image":{"@id":"https:\/\/welterbe-grumsin.de\/pl\/2024\/06\/20\/las-bukowy-grumsin-tylko-w-jezyku-niemieckim\/#primaryimage"},"thumbnailUrl":"https:\/\/welterbe-grumsin.de\/wp-content\/uploads\/2024\/06\/buchenwald_zeichnung.jpg","datePublished":"2024-06-20T05:31:16+00:00","dateModified":"2025-02-25T15:31:00+00:00","breadcrumb":{"@id":"https:\/\/welterbe-grumsin.de\/pl\/2024\/06\/20\/las-bukowy-grumsin-tylko-w-jezyku-niemieckim\/#breadcrumb"},"inLanguage":"pl-PL","potentialAction":[{"@type":"ReadAction","target":["https:\/\/welterbe-grumsin.de\/pl\/2024\/06\/20\/las-bukowy-grumsin-tylko-w-jezyku-niemieckim\/"]}]},{"@type":"ImageObject","inLanguage":"pl-PL","@id":"https:\/\/welterbe-grumsin.de\/pl\/2024\/06\/20\/las-bukowy-grumsin-tylko-w-jezyku-niemieckim\/#primaryimage","url":"https:\/\/welterbe-grumsin.de\/wp-content\/uploads\/2024\/06\/buchenwald_zeichnung.jpg","contentUrl":"https:\/\/welterbe-grumsin.de\/wp-content\/uploads\/2024\/06\/buchenwald_zeichnung.jpg","width":1000,"height":1000},{"@type":"BreadcrumbList","@id":"https:\/\/welterbe-grumsin.de\/pl\/2024\/06\/20\/las-bukowy-grumsin-tylko-w-jezyku-niemieckim\/#breadcrumb","itemListElement":[{"@type":"ListItem","position":1,"name":"Startseite","item":"https:\/\/welterbe-grumsin.de\/pl\/strona-glowna\/"},{"@type":"ListItem","position":2,"name":"Las bukowy Grumsin (Tylko w j\u0119zyku niemieckim)"}]},{"@type":"WebSite","@id":"https:\/\/welterbe-grumsin.de\/pl\/#website","url":"https:\/\/welterbe-grumsin.de\/pl\/","name":"welterbe-grumsin","description":"Buchenwald Grumsin - Brandenburgs einziges UNESCO-Weltnaturerbe","publisher":{"@id":"https:\/\/welterbe-grumsin.de\/pl\/#organization"},"potentialAction":[{"@type":"SearchAction","target":{"@type":"EntryPoint","urlTemplate":"https:\/\/welterbe-grumsin.de\/pl\/?s={search_term_string}"},"query-input":{"@type":"PropertyValueSpecification","valueRequired":true,"valueName":"search_term_string"}}],"inLanguage":"pl-PL"},{"@type":"Organization","@id":"https:\/\/welterbe-grumsin.de\/pl\/#organization","name":"Infopunkt Weltnaturerbe Brandenburgs UNESCO","url":"https:\/\/welterbe-grumsin.de\/pl\/","logo":{"@type":"ImageObject","inLanguage":"pl-PL","@id":"https:\/\/welterbe-grumsin.de\/pl\/#\/schema\/logo\/image\/","url":"https:\/\/welterbe-grumsin.de\/wp-content\/uploads\/2024\/06\/weltnaturerbe_logo.svg","contentUrl":"https:\/\/welterbe-grumsin.de\/wp-content\/uploads\/2024\/06\/weltnaturerbe_logo.svg","width":204,"height":273,"caption":"Infopunkt Weltnaturerbe Brandenburgs UNESCO"},"image":{"@id":"https:\/\/welterbe-grumsin.de\/pl\/#\/schema\/logo\/image\/"}},{"@type":"Person","@id":"https:\/\/welterbe-grumsin.de\/pl\/#\/schema\/person\/d66adea7e4e4aedc4cabb6348c99b782","name":"formatwerbung.eu","image":{"@type":"ImageObject","inLanguage":"pl-PL","@id":"https:\/\/secure.gravatar.com\/avatar\/7b0a6fa998ce02679f53092643712d5862f983bd76432dca1f07a1dd6b71631d?s=96&d=mm&r=g","url":"https:\/\/secure.gravatar.com\/avatar\/7b0a6fa998ce02679f53092643712d5862f983bd76432dca1f07a1dd6b71631d?s=96&d=mm&r=g","contentUrl":"https:\/\/secure.gravatar.com\/avatar\/7b0a6fa998ce02679f53092643712d5862f983bd76432dca1f07a1dd6b71631d?s=96&d=mm&r=g","caption":"formatwerbung.eu"},"sameAs":["https:\/\/welterbe-grumsin.de"],"url":"https:\/\/welterbe-grumsin.de\/pl\/author\/formatwerbung-eu\/"}]}},"_links":{"self":[{"href":"https:\/\/welterbe-grumsin.de\/pl\/wp-json\/wp\/v2\/posts\/7182","targetHints":{"allow":["GET"]}}],"collection":[{"href":"https:\/\/welterbe-grumsin.de\/pl\/wp-json\/wp\/v2\/posts"}],"about":[{"href":"https:\/\/welterbe-grumsin.de\/pl\/wp-json\/wp\/v2\/types\/post"}],"author":[{"embeddable":true,"href":"https:\/\/welterbe-grumsin.de\/pl\/wp-json\/wp\/v2\/users\/1"}],"replies":[{"embeddable":true,"href":"https:\/\/welterbe-grumsin.de\/pl\/wp-json\/wp\/v2\/comments?post=7182"}],"version-history":[{"count":1,"href":"https:\/\/welterbe-grumsin.de\/pl\/wp-json\/wp\/v2\/posts\/7182\/revisions"}],"predecessor-version":[{"id":7183,"href":"https:\/\/welterbe-grumsin.de\/pl\/wp-json\/wp\/v2\/posts\/7182\/revisions\/7183"}],"wp:featuredmedia":[{"embeddable":true,"href":"https:\/\/welterbe-grumsin.de\/pl\/wp-json\/wp\/v2\/media\/5848"}],"wp:attachment":[{"href":"https:\/\/welterbe-grumsin.de\/pl\/wp-json\/wp\/v2\/media?parent=7182"}],"wp:term":[{"taxonomy":"category","embeddable":true,"href":"https:\/\/welterbe-grumsin.de\/pl\/wp-json\/wp\/v2\/categories?post=7182"},{"taxonomy":"post_tag","embeddable":true,"href":"https:\/\/welterbe-grumsin.de\/pl\/wp-json\/wp\/v2\/tags?post=7182"}],"curies":[{"name":"wp","href":"https:\/\/api.w.org\/{rel}","templated":true}]}}