{"id":7544,"date":"2025-03-03T09:56:55","date_gmt":"2025-03-03T08:56:55","guid":{"rendered":"https:\/\/welterbe-grumsin.de\/2025\/03\/03\/seria-wykladow-2025-w-altkuenkendorf\/"},"modified":"2025-03-10T09:41:36","modified_gmt":"2025-03-10T08:41:36","slug":"seria-wykladow-2025-w-altkuenkendorf","status":"publish","type":"post","link":"https:\/\/welterbe-grumsin.de\/pl\/2025\/03\/03\/seria-wykladow-2025-w-altkuenkendorf\/","title":{"rendered":"Seria wyk\u0142ad\u00f3w 2025 w Altk\u00fcnkendorf"},"content":{"rendered":"\t\t<div data-elementor-type=\"wp-post\" data-elementor-id=\"7544\" class=\"elementor elementor-7544 elementor-7365\" data-elementor-post-type=\"post\">\n\t\t\t\t<div class=\"elementor-element elementor-element-f435258 e-flex e-con-boxed e-con e-parent\" data-id=\"f435258\" data-element_type=\"container\" data-e-type=\"container\">\n\t\t\t\t\t<div class=\"e-con-inner\">\n\t\t\t\t<div class=\"elementor-element elementor-element-74a4484 elementor-widget elementor-widget-heading\" data-id=\"74a4484\" data-element_type=\"widget\" data-e-type=\"widget\" data-widget_type=\"heading.default\">\n\t\t\t\t<div class=\"elementor-widget-container\">\n\t\t\t\t\t<h2 class=\"elementor-heading-title elementor-size-default\">Nowa seria wyk\u0142ad\u00f3w o wpisanym na List\u0119 \u015awiatowego Dziedzictwa UNESCO Lesie Bukowym Grumsin 2025<\/h2>\t\t\t\t<\/div>\n\t\t\t\t<\/div>\n\t\t\t\t\t<\/div>\n\t\t\t\t<\/div>\n\t\t<div class=\"elementor-element elementor-element-ebeaa3e e-flex e-con-boxed e-con e-parent\" data-id=\"ebeaa3e\" data-element_type=\"container\" data-e-type=\"container\">\n\t\t\t\t\t<div class=\"e-con-inner\">\n\t\t\t\t<div class=\"elementor-element elementor-element-b14986b elementor-widget elementor-widget-heading\" data-id=\"b14986b\" data-element_type=\"widget\" data-e-type=\"widget\" data-widget_type=\"heading.default\">\n\t\t\t\t<div class=\"elementor-widget-container\">\n\t\t\t\t\t<h3 class=\"elementor-heading-title elementor-size-default\">Daty, tematy i prelegenci w skr\u00f3cie<\/h3>\t\t\t\t<\/div>\n\t\t\t\t<\/div>\n\t\t\t\t\t<\/div>\n\t\t\t\t<\/div>\n\t\t<div class=\"elementor-element elementor-element-1892293 e-flex e-con-boxed e-con e-parent\" data-id=\"1892293\" data-element_type=\"container\" data-e-type=\"container\">\n\t\t\t\t\t<div class=\"e-con-inner\">\n\t\t\t\t<div class=\"elementor-element elementor-element-05fc16d elementor-widget elementor-widget-text-editor\" data-id=\"05fc16d\" data-element_type=\"widget\" data-e-type=\"widget\" data-widget_type=\"text-editor.default\">\n\t\t\t\t<div class=\"elementor-widget-container\">\n\t\t\t\t\t\t\t\t\t<p class=\"cvGsUA direction-ltr align-center para-style-body\"><strong><span class=\"OYPEnA font-feature-liga-off font-feature-clig-off font-feature-calt-off text-decoration-none text-strikethrough-none\">12 kwietnia 2025 r.<\/span><\/strong><span class=\"OYPEnA font-feature-liga-off font-feature-clig-off font-feature-calt-off text-decoration-none text-strikethrough-none\">&#8222;Konferencja drzew &#8211; wsp\u00f3\u0142czesna bajka opowiada o spotkaniu europejskich drzew w bukowym lesie Grumsin, kt\u00f3re obawiaj\u0105 si\u0119 o swoj\u0105 przysz\u0142o\u015b\u0107&#8221;, prelegent: Roland Schulz, certyfikowany przewodnik przyrodniczy i krajobrazowy<\/span><\/p>\n<p class=\"cvGsUA direction-ltr align-center para-style-body\"><strong><span class=\"OYPEnA font-feature-liga-off font-feature-clig-off font-feature-calt-off text-decoration-none text-strikethrough-none\">26 kwietnia 2025 r.<\/span><\/strong><span class=\"OYPEnA font-feature-liga-off font-feature-clig-off font-feature-calt-off text-decoration-none text-strikethrough-none\">&#8222;Aktualno\u015bci z bada\u0144 i monitoringu z miejsca \u015bwiatowego dziedzictwa Grumsin Beech Forest i innych las\u00f3w bukowych&#8221;, prelegent: dr Benjamin Herold, Rezerwat Biosfery UNESCO Schorfheide-Chorin<\/span><\/p>\n<p class=\"cvGsUA direction-ltr align-center para-style-body\"><strong><span class=\"OYPEnA font-feature-liga-off font-feature-clig-off font-feature-calt-off text-decoration-none text-strikethrough-none\">10 maja 2025 r.<\/span><\/strong><span class=\"OYPEnA font-feature-liga-off font-feature-clig-off font-feature-calt-off text-decoration-none text-strikethrough-none\">&#8222;K\u0142usownictwo w Schorfheide i okolicach&#8221;, prelegent: dr Lutz Libert, muzeolog i etnolog<\/span><\/p>\n<p class=\"cvGsUA direction-ltr align-center para-style-body\"><strong><span class=\"OYPEnA font-feature-liga-off font-feature-clig-off font-feature-calt-off text-decoration-none text-strikethrough-none\">24 maja 2025 r.<\/span><\/strong><span class=\"OYPEnA font-feature-liga-off font-feature-clig-off font-feature-calt-off text-decoration-none text-strikethrough-none\">&#8222;P\u0142ochliwy \u017cbik (Felis silvestris) w rezerwacie biosfery Schorfheide-Chorin&#8221;, prelegent: Tilly Sch\u00f6nlebe, Brandenburg Nature Conservancy<\/span><\/p>\n<p class=\"cvGsUA direction-ltr align-center para-style-body\"><strong><span class=\"OYPEnA font-feature-liga-off font-feature-clig-off font-feature-calt-off text-decoration-none text-strikethrough-none\">14 czerwca 2025 r.<\/span><\/strong><span class=\"OYPEnA font-feature-liga-off font-feature-clig-off font-feature-calt-off text-decoration-none text-strikethrough-none\">&#8222;Znaleziska archeologiczne wok\u00f3\u0142 lasu bukowego Grumsin &#8211; od epoki kamienia do epoki \u017celaza (10 000-500 p.n.e.)&#8221;, prelegent: dr Kerstin Kirsch, pracownik Geoparku Gro\u00df-Ziethen<\/span><\/p>\n<p class=\"cvGsUA direction-ltr align-center para-style-body\"><strong><span class=\"OYPEnA font-feature-liga-off font-feature-clig-off font-feature-calt-off text-decoration-none text-strikethrough-none\">28 czerwca 2025 r.<\/span><\/strong><span class=\"OYPEnA font-feature-liga-off font-feature-clig-off font-feature-calt-off text-decoration-none text-strikethrough-none\">&#8222;Mucho\u0142\u00f3wka ma\u0142a, \u015bwiergotek drzewny i dzi\u0119cio\u0142 \u015bredni: ornitologiczne skarby w lesie bukowym Grumsin&#8221;, prelegent: dr Martin Flade, by\u0142y kierownik rezerwatu biosfery UNESCO Schorfheide-Chorin <\/span><\/p>\n<p class=\"cvGsUA direction-ltr align-center para-style-body\"><strong><span class=\"OYPEnA font-feature-liga-off font-feature-clig-off font-feature-calt-off text-decoration-none text-strikethrough-none\">12 lipca 2025 r.<\/span><\/strong><span class=\"OYPEnA font-feature-liga-off font-feature-clig-off font-feature-calt-off text-decoration-none text-strikethrough-none\">&#8222;Tinder fungus, beech slime fungus &amp; Co. &#8211; grzyby w prawie naturalnym lesie bukowym, ich spos\u00f3b \u017cycia i znaczenie&#8221;, prelegent: Simone Thurm, grzybowy przewodnik przyrodniczy<\/span><\/p>\n<p class=\"cvGsUA direction-ltr align-center para-style-body\"><strong><span class=\"OYPEnA font-feature-liga-off font-feature-clig-off font-feature-calt-off text-decoration-none text-strikethrough-none\">13 wrze\u015bnia 2025 r.<\/span><\/strong><span class=\"OYPEnA font-feature-liga-off font-feature-clig-off font-feature-calt-off text-decoration-none text-strikethrough-none\">&#8222;R\u00f3\u017cnice mi\u0119dzy pszczo\u0142ami dzikimi i miodnymi oraz ich siedliskami w bezpo\u015brednim s\u0105siedztwie obiekt\u00f3w \u015bwiatowego dziedzictwa UNESCO&#8221;, prelegent: Friederike-Baasner-Weihs, pszczelarz<\/span><\/p>\n<p class=\"cvGsUA direction-ltr align-center para-style-body\"><strong><span class=\"OYPEnA font-feature-liga-off font-feature-clig-off font-feature-calt-off text-decoration-none text-strikethrough-none\">27 wrze\u015bnia 2025 r.<\/span><\/strong><span class=\"OYPEnA font-feature-liga-off font-feature-clig-off font-feature-calt-off text-decoration-none text-strikethrough-none\"><strong>&#8222;<\/strong> Cykl lasu bukowego w badaniach i praktyce&#8221;, prelegent: dr Susanne Winter, kierownik Rezerwatu Biosfery UNESCO Schorfheide-Chorin<\/span><\/p>\n<p class=\"cvGsUA direction-ltr align-center para-style-body\"><strong><span class=\"OYPEnA font-feature-liga-off font-feature-clig-off font-feature-calt-off text-decoration-none text-strikethrough-none\">11 pa\u017adziernika 2025 r.<\/span><\/strong><span class=\"OYPEnA font-feature-liga-off font-feature-clig-off font-feature-calt-off text-decoration-none text-strikethrough-none\">&#8222;Specyfika wiosek ogrodzeniowych, cz\u0119\u015b\u0107 2&#8221;, prelegent: Arno Gielsdorf<\/span><\/p>\n<p class=\"cvGsUA direction-ltr align-center para-style-body\"><span class=\"OYPEnA font-feature-liga-off font-feature-clig-off font-feature-calt-off text-decoration-none text-strikethrough-none\">Miejsce i czas<\/span><\/p>\n<p class=\"cvGsUA direction-ltr align-center para-style-body\"><span class=\"OYPEnA font-feature-liga-off font-feature-clig-off font-feature-calt-off text-decoration-none text-strikethrough-none\">Wyk\u0142ady odb\u0119d\u0105 si\u0119 o godzinie 15:00 w punkcie informacyjnym wpisanego na List\u0119 \u015awiatowego Dziedzictwa UNESCO Lasu Bukowego Grumsin w Altk\u00fcnkendorf, Altk\u00fcnkendorfer Stra\u00dfe 20. Wst\u0119p jest bezp\u0142atny i nie jest wymagana rejestracja. Wyk\u0142ad, w tym dyskusja, trwa oko\u0142o godziny, wi\u0119c mo\u017cesz podr\u00f3\u017cowa\u0107 do iz wydarzenia autobusem \u015awiatowego Dziedzictwa. Skorzystaj z tej strony przegl\u0105du w witrynie internetowej, aby uzyska\u0107 informacje na temat opcji podr\u00f3\u017cy    <\/span><a class=\"OYPEnA font-feature-liga-off font-feature-clig-off font-feature-calt-off text-decoration-underline text-strikethrough-none\" draggable=\"false\" href=\"https:\/\/welterbe-grumsin.de\/pl\/anfahrt\/\" target=\"_blank\" rel=\"noopener\">https:\/\/welterbe-grumsin.de\/anreise-grumsin-karte-parken\/<\/a><span class=\"OYPEnA font-feature-liga-off font-feature-clig-off font-feature-calt-off text-decoration-none text-strikethrough-none\">.<\/span><\/p>\n<p class=\"cvGsUA direction-ltr align-center para-style-body\"><span class=\"OYPEnA font-feature-liga-off font-feature-clig-off font-feature-calt-off text-decoration-none text-strikethrough-none\">UWAGA: Wyk\u0142ady odb\u0119d\u0105 si\u0119 wy\u0142\u0105cznie w j\u0119zyku niemieckim!<\/span><\/p>\n<p class=\"cvGsUA direction-ltr align-center para-style-body\">\n\t\t\t\t\t\t\t\t<\/div>\n\t\t\t\t<\/div>\n\t\t\t\t\t<\/div>\n\t\t\t\t<\/div>\n\t\t<div class=\"elementor-element elementor-element-05d0095 e-flex e-con-boxed e-con e-parent\" data-id=\"05d0095\" data-element_type=\"container\" data-e-type=\"container\">\n\t\t\t\t\t<div class=\"e-con-inner\">\n\t\t\t\t<div class=\"elementor-element elementor-element-df3f6a4 elementor-widget elementor-widget-image\" data-id=\"df3f6a4\" data-element_type=\"widget\" data-e-type=\"widget\" data-widget_type=\"image.default\">\n\t\t\t\t<div class=\"elementor-widget-container\">\n\t\t\t\t\t\t\t\t\t\t\t\t\t\t\t<img fetchpriority=\"high\" decoding=\"async\" width=\"724\" height=\"1024\" src=\"https:\/\/welterbe-grumsin.de\/wp-content\/uploads\/2025\/03\/A4-724x1024.jpg\" class=\"attachment-large size-large wp-image-7567\" alt=\"Weltnaturerbe Vortragsreihe 2025\" srcset=\"https:\/\/welterbe-grumsin.de\/wp-content\/uploads\/2025\/03\/A4-724x1024.jpg 724w, https:\/\/welterbe-grumsin.de\/wp-content\/uploads\/2025\/03\/A4-212x300.jpg 212w, https:\/\/welterbe-grumsin.de\/wp-content\/uploads\/2025\/03\/A4-768x1087.jpg 768w, https:\/\/welterbe-grumsin.de\/wp-content\/uploads\/2025\/03\/A4-1086x1536.jpg 1086w, https:\/\/welterbe-grumsin.de\/wp-content\/uploads\/2025\/03\/A4.jpg 1357w\" sizes=\"(max-width: 724px) 100vw, 724px\" \/>\t\t\t\t\t\t\t\t\t\t\t\t\t\t\t<\/div>\n\t\t\t\t<\/div>\n\t\t\t\t\t<\/div>\n\t\t\t\t<\/div>\n\t\t\t\t<\/div>\n\t\t","protected":false},"excerpt":{"rendered":"<p>Nowa seria wyk\u0142ad\u00f3w o wpisanym na List\u0119 \u015awiatowego Dziedzictwa UNESCO Lesie Bukowym Grumsin 2025 Daty, tematy i prelegenci w skr\u00f3cie 12 kwietnia 2025 r.&#8222;Konferencja drzew &#8211; wsp\u00f3\u0142czesna bajka opowiada o spotkaniu europejskich drzew w bukowym lesie Grumsin, kt\u00f3re obawiaj\u0105 si\u0119 o swoj\u0105 przysz\u0142o\u015b\u0107&#8221;, prelegent: Roland Schulz, certyfikowany przewodnik przyrodniczy i krajobrazowy 26 kwietnia 2025 r.&#8222;Aktualno\u015bci [&hellip;]<\/p>\n","protected":false},"author":2,"featured_media":7567,"comment_status":"closed","ping_status":"closed","sticky":false,"template":"","format":"standard","meta":{"_acf_changed":false,"inline_featured_image":false,"footnotes":""},"categories":[72,76],"tags":[],"class_list":["post-7544","post","type-post","status-publish","format-standard","has-post-thumbnail","hentry","category-aktuelles-pl","category-termine-pl"],"acf":[],"yoast_head":"<!-- This site is optimized with the Yoast SEO plugin v27.5 - https:\/\/yoast.com\/product\/yoast-seo-wordpress\/ -->\n<title>Seria wyk\u0142ad\u00f3w 2025 w Altk\u00fcnkendorf - Infopunkt Weltnaturerbe Brandenburgs UNESCO<\/title>\n<meta name=\"robots\" content=\"index, follow, max-snippet:-1, max-image-preview:large, max-video-preview:-1\" \/>\n<link rel=\"canonical\" href=\"https:\/\/welterbe-grumsin.de\/pl\/2025\/03\/03\/seria-wykladow-2025-w-altkuenkendorf\/\" \/>\n<meta property=\"og:locale\" content=\"pl_PL\" \/>\n<meta property=\"og:type\" content=\"article\" \/>\n<meta property=\"og:title\" content=\"Seria wyk\u0142ad\u00f3w 2025 w Altk\u00fcnkendorf - Infopunkt Weltnaturerbe Brandenburgs UNESCO\" \/>\n<meta property=\"og:description\" content=\"Nowa seria wyk\u0142ad\u00f3w o wpisanym na List\u0119 \u015awiatowego Dziedzictwa UNESCO Lesie Bukowym Grumsin 2025 Daty, tematy i prelegenci w skr\u00f3cie 12 kwietnia 2025 r.&#8222;Konferencja drzew &#8211; wsp\u00f3\u0142czesna bajka opowiada o spotkaniu europejskich drzew w bukowym lesie Grumsin, kt\u00f3re obawiaj\u0105 si\u0119 o swoj\u0105 przysz\u0142o\u015b\u0107&#8221;, prelegent: Roland Schulz, certyfikowany przewodnik przyrodniczy i krajobrazowy 26 kwietnia 2025 r.&#8222;Aktualno\u015bci [&hellip;]\" \/>\n<meta property=\"og:url\" content=\"https:\/\/welterbe-grumsin.de\/pl\/2025\/03\/03\/seria-wykladow-2025-w-altkuenkendorf\/\" \/>\n<meta property=\"og:site_name\" content=\"Infopunkt Weltnaturerbe Brandenburgs UNESCO\" \/>\n<meta property=\"article:published_time\" content=\"2025-03-03T08:56:55+00:00\" \/>\n<meta property=\"article:modified_time\" content=\"2025-03-10T08:41:36+00:00\" \/>\n<meta property=\"og:image\" content=\"https:\/\/welterbe-grumsin.de\/wp-content\/uploads\/2025\/03\/A4.jpg\" \/>\n\t<meta property=\"og:image:width\" content=\"1357\" \/>\n\t<meta property=\"og:image:height\" content=\"1920\" \/>\n\t<meta property=\"og:image:type\" content=\"image\/jpeg\" \/>\n<meta name=\"author\" content=\"Admin_Grumsin\" \/>\n<meta name=\"twitter:card\" content=\"summary_large_image\" \/>\n<meta name=\"twitter:label1\" content=\"Napisane przez\" \/>\n\t<meta name=\"twitter:data1\" content=\"Admin_Grumsin\" \/>\n\t<meta name=\"twitter:label2\" content=\"Szacowany czas czytania\" \/>\n\t<meta name=\"twitter:data2\" content=\"2 minuty\" \/>\n<script type=\"application\/ld+json\" class=\"yoast-schema-graph\">{\"@context\":\"https:\\\/\\\/schema.org\",\"@graph\":[{\"@type\":\"Article\",\"@id\":\"https:\\\/\\\/welterbe-grumsin.de\\\/pl\\\/2025\\\/03\\\/03\\\/seria-wykladow-2025-w-altkuenkendorf\\\/#article\",\"isPartOf\":{\"@id\":\"https:\\\/\\\/welterbe-grumsin.de\\\/pl\\\/2025\\\/03\\\/03\\\/seria-wykladow-2025-w-altkuenkendorf\\\/\"},\"author\":{\"name\":\"Admin_Grumsin\",\"@id\":\"https:\\\/\\\/welterbe-grumsin.de\\\/pl\\\/#\\\/schema\\\/person\\\/cba586e3b17790f0ad0bd5df03548c14\"},\"headline\":\"Seria wyk\u0142ad\u00f3w 2025 w Altk\u00fcnkendorf\",\"datePublished\":\"2025-03-03T08:56:55+00:00\",\"dateModified\":\"2025-03-10T08:41:36+00:00\",\"mainEntityOfPage\":{\"@id\":\"https:\\\/\\\/welterbe-grumsin.de\\\/pl\\\/2025\\\/03\\\/03\\\/seria-wykladow-2025-w-altkuenkendorf\\\/\"},\"wordCount\":357,\"publisher\":{\"@id\":\"https:\\\/\\\/welterbe-grumsin.de\\\/pl\\\/#organization\"},\"image\":{\"@id\":\"https:\\\/\\\/welterbe-grumsin.de\\\/pl\\\/2025\\\/03\\\/03\\\/seria-wykladow-2025-w-altkuenkendorf\\\/#primaryimage\"},\"thumbnailUrl\":\"https:\\\/\\\/welterbe-grumsin.de\\\/wp-content\\\/uploads\\\/2025\\\/03\\\/A4-e1744719203900.jpg\",\"articleSection\":[\"Aktuelles\",\"Termine\"],\"inLanguage\":\"pl-PL\"},{\"@type\":\"WebPage\",\"@id\":\"https:\\\/\\\/welterbe-grumsin.de\\\/pl\\\/2025\\\/03\\\/03\\\/seria-wykladow-2025-w-altkuenkendorf\\\/\",\"url\":\"https:\\\/\\\/welterbe-grumsin.de\\\/pl\\\/2025\\\/03\\\/03\\\/seria-wykladow-2025-w-altkuenkendorf\\\/\",\"name\":\"Seria wyk\u0142ad\u00f3w 2025 w Altk\u00fcnkendorf - Infopunkt Weltnaturerbe Brandenburgs UNESCO\",\"isPartOf\":{\"@id\":\"https:\\\/\\\/welterbe-grumsin.de\\\/pl\\\/#website\"},\"primaryImageOfPage\":{\"@id\":\"https:\\\/\\\/welterbe-grumsin.de\\\/pl\\\/2025\\\/03\\\/03\\\/seria-wykladow-2025-w-altkuenkendorf\\\/#primaryimage\"},\"image\":{\"@id\":\"https:\\\/\\\/welterbe-grumsin.de\\\/pl\\\/2025\\\/03\\\/03\\\/seria-wykladow-2025-w-altkuenkendorf\\\/#primaryimage\"},\"thumbnailUrl\":\"https:\\\/\\\/welterbe-grumsin.de\\\/wp-content\\\/uploads\\\/2025\\\/03\\\/A4-e1744719203900.jpg\",\"datePublished\":\"2025-03-03T08:56:55+00:00\",\"dateModified\":\"2025-03-10T08:41:36+00:00\",\"breadcrumb\":{\"@id\":\"https:\\\/\\\/welterbe-grumsin.de\\\/pl\\\/2025\\\/03\\\/03\\\/seria-wykladow-2025-w-altkuenkendorf\\\/#breadcrumb\"},\"inLanguage\":\"pl-PL\",\"potentialAction\":[{\"@type\":\"ReadAction\",\"target\":[\"https:\\\/\\\/welterbe-grumsin.de\\\/pl\\\/2025\\\/03\\\/03\\\/seria-wykladow-2025-w-altkuenkendorf\\\/\"]}]},{\"@type\":\"ImageObject\",\"inLanguage\":\"pl-PL\",\"@id\":\"https:\\\/\\\/welterbe-grumsin.de\\\/pl\\\/2025\\\/03\\\/03\\\/seria-wykladow-2025-w-altkuenkendorf\\\/#primaryimage\",\"url\":\"https:\\\/\\\/welterbe-grumsin.de\\\/wp-content\\\/uploads\\\/2025\\\/03\\\/A4-e1744719203900.jpg\",\"contentUrl\":\"https:\\\/\\\/welterbe-grumsin.de\\\/wp-content\\\/uploads\\\/2025\\\/03\\\/A4-e1744719203900.jpg\",\"width\":1357,\"height\":1920,\"caption\":\"Weltnaturerbe Vortragsreihe 2025\"},{\"@type\":\"BreadcrumbList\",\"@id\":\"https:\\\/\\\/welterbe-grumsin.de\\\/pl\\\/2025\\\/03\\\/03\\\/seria-wykladow-2025-w-altkuenkendorf\\\/#breadcrumb\",\"itemListElement\":[{\"@type\":\"ListItem\",\"position\":1,\"name\":\"Startseite\",\"item\":\"https:\\\/\\\/welterbe-grumsin.de\\\/pl\\\/strona-glowna\\\/\"},{\"@type\":\"ListItem\",\"position\":2,\"name\":\"Seria wyk\u0142ad\u00f3w 2025 w Altk\u00fcnkendorf\"}]},{\"@type\":\"WebSite\",\"@id\":\"https:\\\/\\\/welterbe-grumsin.de\\\/pl\\\/#website\",\"url\":\"https:\\\/\\\/welterbe-grumsin.de\\\/pl\\\/\",\"name\":\"welterbe-grumsin\",\"description\":\"Buchenwald Grumsin - Brandenburgs einziges UNESCO-Weltnaturerbe\",\"publisher\":{\"@id\":\"https:\\\/\\\/welterbe-grumsin.de\\\/pl\\\/#organization\"},\"potentialAction\":[{\"@type\":\"SearchAction\",\"target\":{\"@type\":\"EntryPoint\",\"urlTemplate\":\"https:\\\/\\\/welterbe-grumsin.de\\\/pl\\\/?s={search_term_string}\"},\"query-input\":{\"@type\":\"PropertyValueSpecification\",\"valueRequired\":true,\"valueName\":\"search_term_string\"}}],\"inLanguage\":\"pl-PL\"},{\"@type\":\"Organization\",\"@id\":\"https:\\\/\\\/welterbe-grumsin.de\\\/pl\\\/#organization\",\"name\":\"Infopunkt Weltnaturerbe Brandenburgs UNESCO\",\"url\":\"https:\\\/\\\/welterbe-grumsin.de\\\/pl\\\/\",\"logo\":{\"@type\":\"ImageObject\",\"inLanguage\":\"pl-PL\",\"@id\":\"https:\\\/\\\/welterbe-grumsin.de\\\/pl\\\/#\\\/schema\\\/logo\\\/image\\\/\",\"url\":\"https:\\\/\\\/welterbe-grumsin.de\\\/wp-content\\\/uploads\\\/2024\\\/06\\\/weltnaturerbe_logo.svg\",\"contentUrl\":\"https:\\\/\\\/welterbe-grumsin.de\\\/wp-content\\\/uploads\\\/2024\\\/06\\\/weltnaturerbe_logo.svg\",\"width\":204,\"height\":273,\"caption\":\"Infopunkt Weltnaturerbe Brandenburgs UNESCO\"},\"image\":{\"@id\":\"https:\\\/\\\/welterbe-grumsin.de\\\/pl\\\/#\\\/schema\\\/logo\\\/image\\\/\"}},{\"@type\":\"Person\",\"@id\":\"https:\\\/\\\/welterbe-grumsin.de\\\/pl\\\/#\\\/schema\\\/person\\\/cba586e3b17790f0ad0bd5df03548c14\",\"name\":\"Admin_Grumsin\",\"image\":{\"@type\":\"ImageObject\",\"inLanguage\":\"pl-PL\",\"@id\":\"https:\\\/\\\/secure.gravatar.com\\\/avatar\\\/88a8fd20b9aef66e91a9b36a36479b07ddc9a115ee4543ba28ed74527d9165ff?s=96&d=mm&r=g\",\"url\":\"https:\\\/\\\/secure.gravatar.com\\\/avatar\\\/88a8fd20b9aef66e91a9b36a36479b07ddc9a115ee4543ba28ed74527d9165ff?s=96&d=mm&r=g\",\"contentUrl\":\"https:\\\/\\\/secure.gravatar.com\\\/avatar\\\/88a8fd20b9aef66e91a9b36a36479b07ddc9a115ee4543ba28ed74527d9165ff?s=96&d=mm&r=g\",\"caption\":\"Admin_Grumsin\"},\"url\":\"https:\\\/\\\/welterbe-grumsin.de\\\/pl\\\/author\\\/admin_grumsin\\\/\"}]}<\/script>\n<!-- \/ Yoast SEO plugin. -->","yoast_head_json":{"title":"Seria wyk\u0142ad\u00f3w 2025 w Altk\u00fcnkendorf - Infopunkt Weltnaturerbe Brandenburgs UNESCO","robots":{"index":"index","follow":"follow","max-snippet":"max-snippet:-1","max-image-preview":"max-image-preview:large","max-video-preview":"max-video-preview:-1"},"canonical":"https:\/\/welterbe-grumsin.de\/pl\/2025\/03\/03\/seria-wykladow-2025-w-altkuenkendorf\/","og_locale":"pl_PL","og_type":"article","og_title":"Seria wyk\u0142ad\u00f3w 2025 w Altk\u00fcnkendorf - Infopunkt Weltnaturerbe Brandenburgs UNESCO","og_description":"Nowa seria wyk\u0142ad\u00f3w o wpisanym na List\u0119 \u015awiatowego Dziedzictwa UNESCO Lesie Bukowym Grumsin 2025 Daty, tematy i prelegenci w skr\u00f3cie 12 kwietnia 2025 r.&#8222;Konferencja drzew &#8211; wsp\u00f3\u0142czesna bajka opowiada o spotkaniu europejskich drzew w bukowym lesie Grumsin, kt\u00f3re obawiaj\u0105 si\u0119 o swoj\u0105 przysz\u0142o\u015b\u0107&#8221;, prelegent: Roland Schulz, certyfikowany przewodnik przyrodniczy i krajobrazowy 26 kwietnia 2025 r.&#8222;Aktualno\u015bci [&hellip;]","og_url":"https:\/\/welterbe-grumsin.de\/pl\/2025\/03\/03\/seria-wykladow-2025-w-altkuenkendorf\/","og_site_name":"Infopunkt Weltnaturerbe Brandenburgs UNESCO","article_published_time":"2025-03-03T08:56:55+00:00","article_modified_time":"2025-03-10T08:41:36+00:00","og_image":[{"width":1357,"height":1920,"url":"https:\/\/welterbe-grumsin.de\/wp-content\/uploads\/2025\/03\/A4.jpg","type":"image\/jpeg"}],"author":"Admin_Grumsin","twitter_card":"summary_large_image","twitter_misc":{"Napisane przez":"Admin_Grumsin","Szacowany czas czytania":"2 minuty"},"schema":{"@context":"https:\/\/schema.org","@graph":[{"@type":"Article","@id":"https:\/\/welterbe-grumsin.de\/pl\/2025\/03\/03\/seria-wykladow-2025-w-altkuenkendorf\/#article","isPartOf":{"@id":"https:\/\/welterbe-grumsin.de\/pl\/2025\/03\/03\/seria-wykladow-2025-w-altkuenkendorf\/"},"author":{"name":"Admin_Grumsin","@id":"https:\/\/welterbe-grumsin.de\/pl\/#\/schema\/person\/cba586e3b17790f0ad0bd5df03548c14"},"headline":"Seria wyk\u0142ad\u00f3w 2025 w Altk\u00fcnkendorf","datePublished":"2025-03-03T08:56:55+00:00","dateModified":"2025-03-10T08:41:36+00:00","mainEntityOfPage":{"@id":"https:\/\/welterbe-grumsin.de\/pl\/2025\/03\/03\/seria-wykladow-2025-w-altkuenkendorf\/"},"wordCount":357,"publisher":{"@id":"https:\/\/welterbe-grumsin.de\/pl\/#organization"},"image":{"@id":"https:\/\/welterbe-grumsin.de\/pl\/2025\/03\/03\/seria-wykladow-2025-w-altkuenkendorf\/#primaryimage"},"thumbnailUrl":"https:\/\/welterbe-grumsin.de\/wp-content\/uploads\/2025\/03\/A4-e1744719203900.jpg","articleSection":["Aktuelles","Termine"],"inLanguage":"pl-PL"},{"@type":"WebPage","@id":"https:\/\/welterbe-grumsin.de\/pl\/2025\/03\/03\/seria-wykladow-2025-w-altkuenkendorf\/","url":"https:\/\/welterbe-grumsin.de\/pl\/2025\/03\/03\/seria-wykladow-2025-w-altkuenkendorf\/","name":"Seria wyk\u0142ad\u00f3w 2025 w Altk\u00fcnkendorf - Infopunkt Weltnaturerbe Brandenburgs UNESCO","isPartOf":{"@id":"https:\/\/welterbe-grumsin.de\/pl\/#website"},"primaryImageOfPage":{"@id":"https:\/\/welterbe-grumsin.de\/pl\/2025\/03\/03\/seria-wykladow-2025-w-altkuenkendorf\/#primaryimage"},"image":{"@id":"https:\/\/welterbe-grumsin.de\/pl\/2025\/03\/03\/seria-wykladow-2025-w-altkuenkendorf\/#primaryimage"},"thumbnailUrl":"https:\/\/welterbe-grumsin.de\/wp-content\/uploads\/2025\/03\/A4-e1744719203900.jpg","datePublished":"2025-03-03T08:56:55+00:00","dateModified":"2025-03-10T08:41:36+00:00","breadcrumb":{"@id":"https:\/\/welterbe-grumsin.de\/pl\/2025\/03\/03\/seria-wykladow-2025-w-altkuenkendorf\/#breadcrumb"},"inLanguage":"pl-PL","potentialAction":[{"@type":"ReadAction","target":["https:\/\/welterbe-grumsin.de\/pl\/2025\/03\/03\/seria-wykladow-2025-w-altkuenkendorf\/"]}]},{"@type":"ImageObject","inLanguage":"pl-PL","@id":"https:\/\/welterbe-grumsin.de\/pl\/2025\/03\/03\/seria-wykladow-2025-w-altkuenkendorf\/#primaryimage","url":"https:\/\/welterbe-grumsin.de\/wp-content\/uploads\/2025\/03\/A4-e1744719203900.jpg","contentUrl":"https:\/\/welterbe-grumsin.de\/wp-content\/uploads\/2025\/03\/A4-e1744719203900.jpg","width":1357,"height":1920,"caption":"Weltnaturerbe Vortragsreihe 2025"},{"@type":"BreadcrumbList","@id":"https:\/\/welterbe-grumsin.de\/pl\/2025\/03\/03\/seria-wykladow-2025-w-altkuenkendorf\/#breadcrumb","itemListElement":[{"@type":"ListItem","position":1,"name":"Startseite","item":"https:\/\/welterbe-grumsin.de\/pl\/strona-glowna\/"},{"@type":"ListItem","position":2,"name":"Seria wyk\u0142ad\u00f3w 2025 w Altk\u00fcnkendorf"}]},{"@type":"WebSite","@id":"https:\/\/welterbe-grumsin.de\/pl\/#website","url":"https:\/\/welterbe-grumsin.de\/pl\/","name":"welterbe-grumsin","description":"Buchenwald Grumsin - Brandenburgs einziges UNESCO-Weltnaturerbe","publisher":{"@id":"https:\/\/welterbe-grumsin.de\/pl\/#organization"},"potentialAction":[{"@type":"SearchAction","target":{"@type":"EntryPoint","urlTemplate":"https:\/\/welterbe-grumsin.de\/pl\/?s={search_term_string}"},"query-input":{"@type":"PropertyValueSpecification","valueRequired":true,"valueName":"search_term_string"}}],"inLanguage":"pl-PL"},{"@type":"Organization","@id":"https:\/\/welterbe-grumsin.de\/pl\/#organization","name":"Infopunkt Weltnaturerbe Brandenburgs UNESCO","url":"https:\/\/welterbe-grumsin.de\/pl\/","logo":{"@type":"ImageObject","inLanguage":"pl-PL","@id":"https:\/\/welterbe-grumsin.de\/pl\/#\/schema\/logo\/image\/","url":"https:\/\/welterbe-grumsin.de\/wp-content\/uploads\/2024\/06\/weltnaturerbe_logo.svg","contentUrl":"https:\/\/welterbe-grumsin.de\/wp-content\/uploads\/2024\/06\/weltnaturerbe_logo.svg","width":204,"height":273,"caption":"Infopunkt Weltnaturerbe Brandenburgs UNESCO"},"image":{"@id":"https:\/\/welterbe-grumsin.de\/pl\/#\/schema\/logo\/image\/"}},{"@type":"Person","@id":"https:\/\/welterbe-grumsin.de\/pl\/#\/schema\/person\/cba586e3b17790f0ad0bd5df03548c14","name":"Admin_Grumsin","image":{"@type":"ImageObject","inLanguage":"pl-PL","@id":"https:\/\/secure.gravatar.com\/avatar\/88a8fd20b9aef66e91a9b36a36479b07ddc9a115ee4543ba28ed74527d9165ff?s=96&d=mm&r=g","url":"https:\/\/secure.gravatar.com\/avatar\/88a8fd20b9aef66e91a9b36a36479b07ddc9a115ee4543ba28ed74527d9165ff?s=96&d=mm&r=g","contentUrl":"https:\/\/secure.gravatar.com\/avatar\/88a8fd20b9aef66e91a9b36a36479b07ddc9a115ee4543ba28ed74527d9165ff?s=96&d=mm&r=g","caption":"Admin_Grumsin"},"url":"https:\/\/welterbe-grumsin.de\/pl\/author\/admin_grumsin\/"}]}},"_links":{"self":[{"href":"https:\/\/welterbe-grumsin.de\/pl\/wp-json\/wp\/v2\/posts\/7544","targetHints":{"allow":["GET"]}}],"collection":[{"href":"https:\/\/welterbe-grumsin.de\/pl\/wp-json\/wp\/v2\/posts"}],"about":[{"href":"https:\/\/welterbe-grumsin.de\/pl\/wp-json\/wp\/v2\/types\/post"}],"author":[{"embeddable":true,"href":"https:\/\/welterbe-grumsin.de\/pl\/wp-json\/wp\/v2\/users\/2"}],"replies":[{"embeddable":true,"href":"https:\/\/welterbe-grumsin.de\/pl\/wp-json\/wp\/v2\/comments?post=7544"}],"version-history":[{"count":3,"href":"https:\/\/welterbe-grumsin.de\/pl\/wp-json\/wp\/v2\/posts\/7544\/revisions"}],"predecessor-version":[{"id":7573,"href":"https:\/\/welterbe-grumsin.de\/pl\/wp-json\/wp\/v2\/posts\/7544\/revisions\/7573"}],"wp:featuredmedia":[{"embeddable":true,"href":"https:\/\/welterbe-grumsin.de\/pl\/wp-json\/wp\/v2\/media\/7567"}],"wp:attachment":[{"href":"https:\/\/welterbe-grumsin.de\/pl\/wp-json\/wp\/v2\/media?parent=7544"}],"wp:term":[{"taxonomy":"category","embeddable":true,"href":"https:\/\/welterbe-grumsin.de\/pl\/wp-json\/wp\/v2\/categories?post=7544"},{"taxonomy":"post_tag","embeddable":true,"href":"https:\/\/welterbe-grumsin.de\/pl\/wp-json\/wp\/v2\/tags?post=7544"}],"curies":[{"name":"wp","href":"https:\/\/api.w.org\/{rel}","templated":true}]}}