{"id":7559,"date":"2025-03-04T08:26:00","date_gmt":"2025-03-04T07:26:00","guid":{"rendered":"https:\/\/welterbe-grumsin.de\/2025\/03\/04\/program-swiatowego-dnia-dziedzictwa-2025\/"},"modified":"2025-03-04T10:10:14","modified_gmt":"2025-03-04T09:10:14","slug":"program-swiatowego-dnia-dziedzictwa-2025","status":"publish","type":"post","link":"https:\/\/welterbe-grumsin.de\/pl\/2025\/03\/04\/program-swiatowego-dnia-dziedzictwa-2025\/","title":{"rendered":"Program \u015awiatowego Dnia Dziedzictwa 2025"},"content":{"rendered":"\t\t<div data-elementor-type=\"wp-post\" data-elementor-id=\"7559\" class=\"elementor elementor-7559 elementor-7512\" data-elementor-post-type=\"post\">\n\t\t\t\t<div class=\"elementor-element elementor-element-de2fcf1 e-flex e-con-boxed e-con e-parent\" data-id=\"de2fcf1\" data-element_type=\"container\" data-e-type=\"container\">\n\t\t\t\t\t<div class=\"e-con-inner\">\n\t\t\t\t<div class=\"elementor-element elementor-element-2a07ccf elementor-widget elementor-widget-heading\" data-id=\"2a07ccf\" data-element_type=\"widget\" data-e-type=\"widget\" data-widget_type=\"heading.default\">\n\t\t\t\t<div class=\"elementor-widget-container\">\n\t\t\t\t\t<h2 class=\"elementor-heading-title elementor-size-default\">Program na \u015awiatowy Dzie\u0144 Dziedzictwa 1 czerwca 2025 r.<\/h2>\t\t\t\t<\/div>\n\t\t\t\t<\/div>\n\t\t\t\t\t<\/div>\n\t\t\t\t<\/div>\n\t\t<div class=\"elementor-element elementor-element-4352e11 e-flex e-con-boxed e-con e-parent\" data-id=\"4352e11\" data-element_type=\"container\" data-e-type=\"container\">\n\t\t\t\t\t<div class=\"e-con-inner\">\n\t\t\t\t<div class=\"elementor-element elementor-element-790b5f0 elementor-widget elementor-widget-text-editor\" data-id=\"790b5f0\" data-element_type=\"widget\" data-e-type=\"widget\" data-widget_type=\"text-editor.default\">\n\t\t\t\t<div class=\"elementor-widget-container\">\n\t\t\t\t\t\t\t\t\t<p style=\"text-align: center;\">Program bezp\u0142atnych wycieczek z przewodnikiem:<\/p>\n<ul style=\"text-align: center;\">\n<li>Wycieczka z przewodnikiem Living World Heritage Start: punkt informacyjny Altk\u00fcnkendorf 11:00 &#8211; 15:00<\/li>\n<li>Wycieczka z przewodnikiem tras\u0105 po\u0142udniow\u0105 Start: Geopark Gro\u00df-Ziethen 11 am &#8211; 3 pm<\/li>\n<li>Wycieczka rodzinna Start: punkt informacyjny Altk\u00fcnkendorf 10 am &#8211; 1 pm<\/li>\n<li> <\/li>\n<li>Dodatkowe bezp\u0142atne oferty:<\/li>\n<\/ul>\n<ul style=\"text-align: center;\">\n<li>Zwiedzanie wie\u017cy ko\u015bcielnej z przewodnikiem w punkcie informacyjnym w Altk\u00fcnkendorf: 14:00 i 15:00<\/li>\n<li>Nabo\u017ce\u0144stwo 11:00-12:00 w wiejskim ko\u015bciele Altk\u00fcnkendorf<\/li>\n<li>Kreatywne zaj\u0119cia w godzinach otwarcia punktu informacyjnego od 10.00 do 16.00 (drukowanie toreb materia\u0142owych, malowanie)<\/li>\n<\/ul>\n<p style=\"text-align: center;\">Gdzie: Punkt informacyjny Altk\u00fcnkendorf, Altk\u00fcnkendorferstr. 20, 16278 Angerm\u00fcnde <\/p>\n<p style=\"text-align: center;\"><a href=\"https:\/\/welterbe-grumsin.de\/pl\/\" target=\"_blank\" rel=\"noopener\">www.welterbe-grumsin.de<\/a><\/p>\n<p style=\"text-align: center;\">Uwaga: wycieczki z przewodnikiem s\u0105 dost\u0119pne tylko w j\u0119zyku niemieckim!<\/p>\n\t\t\t\t\t\t\t\t<\/div>\n\t\t\t\t<\/div>\n\t\t\t\t\t<\/div>\n\t\t\t\t<\/div>\n\t\t\t\t<\/div>\n\t\t","protected":false},"excerpt":{"rendered":"<p>Program na \u015awiatowy Dzie\u0144 Dziedzictwa 1 czerwca 2025 r. Program bezp\u0142atnych wycieczek z przewodnikiem: Wycieczka z przewodnikiem Living World Heritage Start: punkt informacyjny Altk\u00fcnkendorf 11:00 &#8211; 15:00 Wycieczka z przewodnikiem tras\u0105 po\u0142udniow\u0105 Start: Geopark Gro\u00df-Ziethen 11 am &#8211; 3 pm Wycieczka rodzinna Start: punkt informacyjny Altk\u00fcnkendorf 10 am &#8211; 1 pm Dodatkowe bezp\u0142atne oferty: Zwiedzanie [&hellip;]<\/p>\n","protected":false},"author":2,"featured_media":6788,"comment_status":"closed","ping_status":"closed","sticky":false,"template":"","format":"standard","meta":{"_acf_changed":false,"inline_featured_image":false,"footnotes":""},"categories":[72,76],"tags":[],"class_list":["post-7559","post","type-post","status-publish","format-standard","has-post-thumbnail","hentry","category-aktuelles-pl","category-termine-pl"],"acf":[],"yoast_head":"<!-- This site is optimized with the Yoast SEO plugin v27.5 - https:\/\/yoast.com\/product\/yoast-seo-wordpress\/ -->\n<title>Program \u015awiatowego Dnia Dziedzictwa 2025 - Infopunkt Weltnaturerbe Brandenburgs UNESCO<\/title>\n<meta name=\"description\" content=\"\u015awi\u0119tuj z nami Dzie\u0144 \u015awiatowego Dziedzictwa 1 czerwca 2025 roku! Z bezp\u0142atnymi wycieczkami z przewodnikiem z Altk\u00fcnkendorf i Gro\u00df-Ziethen!\" \/>\n<meta name=\"robots\" content=\"index, follow, max-snippet:-1, max-image-preview:large, max-video-preview:-1\" \/>\n<link rel=\"canonical\" href=\"https:\/\/welterbe-grumsin.de\/pl\/2025\/03\/04\/program-swiatowego-dnia-dziedzictwa-2025\/\" \/>\n<meta property=\"og:locale\" content=\"pl_PL\" \/>\n<meta property=\"og:type\" content=\"article\" \/>\n<meta property=\"og:title\" content=\"Program \u015awiatowego Dnia Dziedzictwa 2025 - Infopunkt Weltnaturerbe Brandenburgs UNESCO\" \/>\n<meta property=\"og:description\" content=\"\u015awi\u0119tuj z nami Dzie\u0144 \u015awiatowego Dziedzictwa 1 czerwca 2025 roku! Z bezp\u0142atnymi wycieczkami z przewodnikiem z Altk\u00fcnkendorf i Gro\u00df-Ziethen!\" \/>\n<meta property=\"og:url\" content=\"https:\/\/welterbe-grumsin.de\/pl\/2025\/03\/04\/program-swiatowego-dnia-dziedzictwa-2025\/\" \/>\n<meta property=\"og:site_name\" content=\"Infopunkt Weltnaturerbe Brandenburgs UNESCO\" \/>\n<meta property=\"article:published_time\" content=\"2025-03-04T07:26:00+00:00\" \/>\n<meta property=\"article:modified_time\" content=\"2025-03-04T09:10:14+00:00\" \/>\n<meta property=\"og:image\" content=\"https:\/\/welterbe-grumsin.de\/wp-content\/uploads\/2025\/03\/IMG_7419.jpg\" \/>\n\t<meta property=\"og:image:width\" content=\"1920\" \/>\n\t<meta property=\"og:image:height\" content=\"1280\" \/>\n\t<meta property=\"og:image:type\" content=\"image\/jpeg\" \/>\n<meta name=\"author\" content=\"Admin_Grumsin\" \/>\n<meta name=\"twitter:card\" content=\"summary_large_image\" \/>\n<meta name=\"twitter:label1\" content=\"Napisane przez\" \/>\n\t<meta name=\"twitter:data1\" content=\"Admin_Grumsin\" \/>\n\t<meta name=\"twitter:label2\" content=\"Szacowany czas czytania\" \/>\n\t<meta name=\"twitter:data2\" content=\"1 minuta\" \/>\n<script type=\"application\/ld+json\" class=\"yoast-schema-graph\">{\"@context\":\"https:\\\/\\\/schema.org\",\"@graph\":[{\"@type\":\"Article\",\"@id\":\"https:\\\/\\\/welterbe-grumsin.de\\\/pl\\\/2025\\\/03\\\/04\\\/program-swiatowego-dnia-dziedzictwa-2025\\\/#article\",\"isPartOf\":{\"@id\":\"https:\\\/\\\/welterbe-grumsin.de\\\/pl\\\/2025\\\/03\\\/04\\\/program-swiatowego-dnia-dziedzictwa-2025\\\/\"},\"author\":{\"name\":\"Admin_Grumsin\",\"@id\":\"https:\\\/\\\/welterbe-grumsin.de\\\/pl\\\/#\\\/schema\\\/person\\\/cba586e3b17790f0ad0bd5df03548c14\"},\"headline\":\"Program \u015awiatowego Dnia Dziedzictwa 2025\",\"datePublished\":\"2025-03-04T07:26:00+00:00\",\"dateModified\":\"2025-03-04T09:10:14+00:00\",\"mainEntityOfPage\":{\"@id\":\"https:\\\/\\\/welterbe-grumsin.de\\\/pl\\\/2025\\\/03\\\/04\\\/program-swiatowego-dnia-dziedzictwa-2025\\\/\"},\"wordCount\":119,\"publisher\":{\"@id\":\"https:\\\/\\\/welterbe-grumsin.de\\\/pl\\\/#organization\"},\"image\":{\"@id\":\"https:\\\/\\\/welterbe-grumsin.de\\\/pl\\\/2025\\\/03\\\/04\\\/program-swiatowego-dnia-dziedzictwa-2025\\\/#primaryimage\"},\"thumbnailUrl\":\"https:\\\/\\\/welterbe-grumsin.de\\\/wp-content\\\/uploads\\\/2025\\\/01\\\/UWET_2025_allgemein_01_DUK-Website-Banner_rund_02.jpg\",\"articleSection\":[\"Aktuelles\",\"Termine\"],\"inLanguage\":\"pl-PL\"},{\"@type\":\"WebPage\",\"@id\":\"https:\\\/\\\/welterbe-grumsin.de\\\/pl\\\/2025\\\/03\\\/04\\\/program-swiatowego-dnia-dziedzictwa-2025\\\/\",\"url\":\"https:\\\/\\\/welterbe-grumsin.de\\\/pl\\\/2025\\\/03\\\/04\\\/program-swiatowego-dnia-dziedzictwa-2025\\\/\",\"name\":\"Program \u015awiatowego Dnia Dziedzictwa 2025 - Infopunkt Weltnaturerbe Brandenburgs UNESCO\",\"isPartOf\":{\"@id\":\"https:\\\/\\\/welterbe-grumsin.de\\\/pl\\\/#website\"},\"primaryImageOfPage\":{\"@id\":\"https:\\\/\\\/welterbe-grumsin.de\\\/pl\\\/2025\\\/03\\\/04\\\/program-swiatowego-dnia-dziedzictwa-2025\\\/#primaryimage\"},\"image\":{\"@id\":\"https:\\\/\\\/welterbe-grumsin.de\\\/pl\\\/2025\\\/03\\\/04\\\/program-swiatowego-dnia-dziedzictwa-2025\\\/#primaryimage\"},\"thumbnailUrl\":\"https:\\\/\\\/welterbe-grumsin.de\\\/wp-content\\\/uploads\\\/2025\\\/01\\\/UWET_2025_allgemein_01_DUK-Website-Banner_rund_02.jpg\",\"datePublished\":\"2025-03-04T07:26:00+00:00\",\"dateModified\":\"2025-03-04T09:10:14+00:00\",\"description\":\"\u015awi\u0119tuj z nami Dzie\u0144 \u015awiatowego Dziedzictwa 1 czerwca 2025 roku! Z bezp\u0142atnymi wycieczkami z przewodnikiem z Altk\u00fcnkendorf i Gro\u00df-Ziethen!\",\"breadcrumb\":{\"@id\":\"https:\\\/\\\/welterbe-grumsin.de\\\/pl\\\/2025\\\/03\\\/04\\\/program-swiatowego-dnia-dziedzictwa-2025\\\/#breadcrumb\"},\"inLanguage\":\"pl-PL\",\"potentialAction\":[{\"@type\":\"ReadAction\",\"target\":[\"https:\\\/\\\/welterbe-grumsin.de\\\/pl\\\/2025\\\/03\\\/04\\\/program-swiatowego-dnia-dziedzictwa-2025\\\/\"]}]},{\"@type\":\"ImageObject\",\"inLanguage\":\"pl-PL\",\"@id\":\"https:\\\/\\\/welterbe-grumsin.de\\\/pl\\\/2025\\\/03\\\/04\\\/program-swiatowego-dnia-dziedzictwa-2025\\\/#primaryimage\",\"url\":\"https:\\\/\\\/welterbe-grumsin.de\\\/wp-content\\\/uploads\\\/2025\\\/01\\\/UWET_2025_allgemein_01_DUK-Website-Banner_rund_02.jpg\",\"contentUrl\":\"https:\\\/\\\/welterbe-grumsin.de\\\/wp-content\\\/uploads\\\/2025\\\/01\\\/UWET_2025_allgemein_01_DUK-Website-Banner_rund_02.jpg\",\"width\":500,\"height\":500},{\"@type\":\"BreadcrumbList\",\"@id\":\"https:\\\/\\\/welterbe-grumsin.de\\\/pl\\\/2025\\\/03\\\/04\\\/program-swiatowego-dnia-dziedzictwa-2025\\\/#breadcrumb\",\"itemListElement\":[{\"@type\":\"ListItem\",\"position\":1,\"name\":\"Startseite\",\"item\":\"https:\\\/\\\/welterbe-grumsin.de\\\/pl\\\/strona-glowna\\\/\"},{\"@type\":\"ListItem\",\"position\":2,\"name\":\"Program \u015awiatowego Dnia Dziedzictwa 2025\"}]},{\"@type\":\"WebSite\",\"@id\":\"https:\\\/\\\/welterbe-grumsin.de\\\/pl\\\/#website\",\"url\":\"https:\\\/\\\/welterbe-grumsin.de\\\/pl\\\/\",\"name\":\"welterbe-grumsin\",\"description\":\"Buchenwald Grumsin - Brandenburgs einziges UNESCO-Weltnaturerbe\",\"publisher\":{\"@id\":\"https:\\\/\\\/welterbe-grumsin.de\\\/pl\\\/#organization\"},\"potentialAction\":[{\"@type\":\"SearchAction\",\"target\":{\"@type\":\"EntryPoint\",\"urlTemplate\":\"https:\\\/\\\/welterbe-grumsin.de\\\/pl\\\/?s={search_term_string}\"},\"query-input\":{\"@type\":\"PropertyValueSpecification\",\"valueRequired\":true,\"valueName\":\"search_term_string\"}}],\"inLanguage\":\"pl-PL\"},{\"@type\":\"Organization\",\"@id\":\"https:\\\/\\\/welterbe-grumsin.de\\\/pl\\\/#organization\",\"name\":\"Infopunkt Weltnaturerbe Brandenburgs UNESCO\",\"url\":\"https:\\\/\\\/welterbe-grumsin.de\\\/pl\\\/\",\"logo\":{\"@type\":\"ImageObject\",\"inLanguage\":\"pl-PL\",\"@id\":\"https:\\\/\\\/welterbe-grumsin.de\\\/pl\\\/#\\\/schema\\\/logo\\\/image\\\/\",\"url\":\"https:\\\/\\\/welterbe-grumsin.de\\\/wp-content\\\/uploads\\\/2024\\\/06\\\/weltnaturerbe_logo.svg\",\"contentUrl\":\"https:\\\/\\\/welterbe-grumsin.de\\\/wp-content\\\/uploads\\\/2024\\\/06\\\/weltnaturerbe_logo.svg\",\"width\":204,\"height\":273,\"caption\":\"Infopunkt Weltnaturerbe Brandenburgs UNESCO\"},\"image\":{\"@id\":\"https:\\\/\\\/welterbe-grumsin.de\\\/pl\\\/#\\\/schema\\\/logo\\\/image\\\/\"}},{\"@type\":\"Person\",\"@id\":\"https:\\\/\\\/welterbe-grumsin.de\\\/pl\\\/#\\\/schema\\\/person\\\/cba586e3b17790f0ad0bd5df03548c14\",\"name\":\"Admin_Grumsin\",\"image\":{\"@type\":\"ImageObject\",\"inLanguage\":\"pl-PL\",\"@id\":\"https:\\\/\\\/secure.gravatar.com\\\/avatar\\\/88a8fd20b9aef66e91a9b36a36479b07ddc9a115ee4543ba28ed74527d9165ff?s=96&d=mm&r=g\",\"url\":\"https:\\\/\\\/secure.gravatar.com\\\/avatar\\\/88a8fd20b9aef66e91a9b36a36479b07ddc9a115ee4543ba28ed74527d9165ff?s=96&d=mm&r=g\",\"contentUrl\":\"https:\\\/\\\/secure.gravatar.com\\\/avatar\\\/88a8fd20b9aef66e91a9b36a36479b07ddc9a115ee4543ba28ed74527d9165ff?s=96&d=mm&r=g\",\"caption\":\"Admin_Grumsin\"},\"url\":\"https:\\\/\\\/welterbe-grumsin.de\\\/pl\\\/author\\\/admin_grumsin\\\/\"}]}<\/script>\n<!-- \/ Yoast SEO plugin. -->","yoast_head_json":{"title":"Program \u015awiatowego Dnia Dziedzictwa 2025 - Infopunkt Weltnaturerbe Brandenburgs UNESCO","description":"\u015awi\u0119tuj z nami Dzie\u0144 \u015awiatowego Dziedzictwa 1 czerwca 2025 roku! Z bezp\u0142atnymi wycieczkami z przewodnikiem z Altk\u00fcnkendorf i Gro\u00df-Ziethen!","robots":{"index":"index","follow":"follow","max-snippet":"max-snippet:-1","max-image-preview":"max-image-preview:large","max-video-preview":"max-video-preview:-1"},"canonical":"https:\/\/welterbe-grumsin.de\/pl\/2025\/03\/04\/program-swiatowego-dnia-dziedzictwa-2025\/","og_locale":"pl_PL","og_type":"article","og_title":"Program \u015awiatowego Dnia Dziedzictwa 2025 - Infopunkt Weltnaturerbe Brandenburgs UNESCO","og_description":"\u015awi\u0119tuj z nami Dzie\u0144 \u015awiatowego Dziedzictwa 1 czerwca 2025 roku! Z bezp\u0142atnymi wycieczkami z przewodnikiem z Altk\u00fcnkendorf i Gro\u00df-Ziethen!","og_url":"https:\/\/welterbe-grumsin.de\/pl\/2025\/03\/04\/program-swiatowego-dnia-dziedzictwa-2025\/","og_site_name":"Infopunkt Weltnaturerbe Brandenburgs UNESCO","article_published_time":"2025-03-04T07:26:00+00:00","article_modified_time":"2025-03-04T09:10:14+00:00","og_image":[{"width":1920,"height":1280,"url":"https:\/\/welterbe-grumsin.de\/wp-content\/uploads\/2025\/03\/IMG_7419.jpg","type":"image\/jpeg"}],"author":"Admin_Grumsin","twitter_card":"summary_large_image","twitter_misc":{"Napisane przez":"Admin_Grumsin","Szacowany czas czytania":"1 minuta"},"schema":{"@context":"https:\/\/schema.org","@graph":[{"@type":"Article","@id":"https:\/\/welterbe-grumsin.de\/pl\/2025\/03\/04\/program-swiatowego-dnia-dziedzictwa-2025\/#article","isPartOf":{"@id":"https:\/\/welterbe-grumsin.de\/pl\/2025\/03\/04\/program-swiatowego-dnia-dziedzictwa-2025\/"},"author":{"name":"Admin_Grumsin","@id":"https:\/\/welterbe-grumsin.de\/pl\/#\/schema\/person\/cba586e3b17790f0ad0bd5df03548c14"},"headline":"Program \u015awiatowego Dnia Dziedzictwa 2025","datePublished":"2025-03-04T07:26:00+00:00","dateModified":"2025-03-04T09:10:14+00:00","mainEntityOfPage":{"@id":"https:\/\/welterbe-grumsin.de\/pl\/2025\/03\/04\/program-swiatowego-dnia-dziedzictwa-2025\/"},"wordCount":119,"publisher":{"@id":"https:\/\/welterbe-grumsin.de\/pl\/#organization"},"image":{"@id":"https:\/\/welterbe-grumsin.de\/pl\/2025\/03\/04\/program-swiatowego-dnia-dziedzictwa-2025\/#primaryimage"},"thumbnailUrl":"https:\/\/welterbe-grumsin.de\/wp-content\/uploads\/2025\/01\/UWET_2025_allgemein_01_DUK-Website-Banner_rund_02.jpg","articleSection":["Aktuelles","Termine"],"inLanguage":"pl-PL"},{"@type":"WebPage","@id":"https:\/\/welterbe-grumsin.de\/pl\/2025\/03\/04\/program-swiatowego-dnia-dziedzictwa-2025\/","url":"https:\/\/welterbe-grumsin.de\/pl\/2025\/03\/04\/program-swiatowego-dnia-dziedzictwa-2025\/","name":"Program \u015awiatowego Dnia Dziedzictwa 2025 - Infopunkt Weltnaturerbe Brandenburgs UNESCO","isPartOf":{"@id":"https:\/\/welterbe-grumsin.de\/pl\/#website"},"primaryImageOfPage":{"@id":"https:\/\/welterbe-grumsin.de\/pl\/2025\/03\/04\/program-swiatowego-dnia-dziedzictwa-2025\/#primaryimage"},"image":{"@id":"https:\/\/welterbe-grumsin.de\/pl\/2025\/03\/04\/program-swiatowego-dnia-dziedzictwa-2025\/#primaryimage"},"thumbnailUrl":"https:\/\/welterbe-grumsin.de\/wp-content\/uploads\/2025\/01\/UWET_2025_allgemein_01_DUK-Website-Banner_rund_02.jpg","datePublished":"2025-03-04T07:26:00+00:00","dateModified":"2025-03-04T09:10:14+00:00","description":"\u015awi\u0119tuj z nami Dzie\u0144 \u015awiatowego Dziedzictwa 1 czerwca 2025 roku! Z bezp\u0142atnymi wycieczkami z przewodnikiem z Altk\u00fcnkendorf i Gro\u00df-Ziethen!","breadcrumb":{"@id":"https:\/\/welterbe-grumsin.de\/pl\/2025\/03\/04\/program-swiatowego-dnia-dziedzictwa-2025\/#breadcrumb"},"inLanguage":"pl-PL","potentialAction":[{"@type":"ReadAction","target":["https:\/\/welterbe-grumsin.de\/pl\/2025\/03\/04\/program-swiatowego-dnia-dziedzictwa-2025\/"]}]},{"@type":"ImageObject","inLanguage":"pl-PL","@id":"https:\/\/welterbe-grumsin.de\/pl\/2025\/03\/04\/program-swiatowego-dnia-dziedzictwa-2025\/#primaryimage","url":"https:\/\/welterbe-grumsin.de\/wp-content\/uploads\/2025\/01\/UWET_2025_allgemein_01_DUK-Website-Banner_rund_02.jpg","contentUrl":"https:\/\/welterbe-grumsin.de\/wp-content\/uploads\/2025\/01\/UWET_2025_allgemein_01_DUK-Website-Banner_rund_02.jpg","width":500,"height":500},{"@type":"BreadcrumbList","@id":"https:\/\/welterbe-grumsin.de\/pl\/2025\/03\/04\/program-swiatowego-dnia-dziedzictwa-2025\/#breadcrumb","itemListElement":[{"@type":"ListItem","position":1,"name":"Startseite","item":"https:\/\/welterbe-grumsin.de\/pl\/strona-glowna\/"},{"@type":"ListItem","position":2,"name":"Program \u015awiatowego Dnia Dziedzictwa 2025"}]},{"@type":"WebSite","@id":"https:\/\/welterbe-grumsin.de\/pl\/#website","url":"https:\/\/welterbe-grumsin.de\/pl\/","name":"welterbe-grumsin","description":"Buchenwald Grumsin - Brandenburgs einziges UNESCO-Weltnaturerbe","publisher":{"@id":"https:\/\/welterbe-grumsin.de\/pl\/#organization"},"potentialAction":[{"@type":"SearchAction","target":{"@type":"EntryPoint","urlTemplate":"https:\/\/welterbe-grumsin.de\/pl\/?s={search_term_string}"},"query-input":{"@type":"PropertyValueSpecification","valueRequired":true,"valueName":"search_term_string"}}],"inLanguage":"pl-PL"},{"@type":"Organization","@id":"https:\/\/welterbe-grumsin.de\/pl\/#organization","name":"Infopunkt Weltnaturerbe Brandenburgs UNESCO","url":"https:\/\/welterbe-grumsin.de\/pl\/","logo":{"@type":"ImageObject","inLanguage":"pl-PL","@id":"https:\/\/welterbe-grumsin.de\/pl\/#\/schema\/logo\/image\/","url":"https:\/\/welterbe-grumsin.de\/wp-content\/uploads\/2024\/06\/weltnaturerbe_logo.svg","contentUrl":"https:\/\/welterbe-grumsin.de\/wp-content\/uploads\/2024\/06\/weltnaturerbe_logo.svg","width":204,"height":273,"caption":"Infopunkt Weltnaturerbe Brandenburgs UNESCO"},"image":{"@id":"https:\/\/welterbe-grumsin.de\/pl\/#\/schema\/logo\/image\/"}},{"@type":"Person","@id":"https:\/\/welterbe-grumsin.de\/pl\/#\/schema\/person\/cba586e3b17790f0ad0bd5df03548c14","name":"Admin_Grumsin","image":{"@type":"ImageObject","inLanguage":"pl-PL","@id":"https:\/\/secure.gravatar.com\/avatar\/88a8fd20b9aef66e91a9b36a36479b07ddc9a115ee4543ba28ed74527d9165ff?s=96&d=mm&r=g","url":"https:\/\/secure.gravatar.com\/avatar\/88a8fd20b9aef66e91a9b36a36479b07ddc9a115ee4543ba28ed74527d9165ff?s=96&d=mm&r=g","contentUrl":"https:\/\/secure.gravatar.com\/avatar\/88a8fd20b9aef66e91a9b36a36479b07ddc9a115ee4543ba28ed74527d9165ff?s=96&d=mm&r=g","caption":"Admin_Grumsin"},"url":"https:\/\/welterbe-grumsin.de\/pl\/author\/admin_grumsin\/"}]}},"_links":{"self":[{"href":"https:\/\/welterbe-grumsin.de\/pl\/wp-json\/wp\/v2\/posts\/7559","targetHints":{"allow":["GET"]}}],"collection":[{"href":"https:\/\/welterbe-grumsin.de\/pl\/wp-json\/wp\/v2\/posts"}],"about":[{"href":"https:\/\/welterbe-grumsin.de\/pl\/wp-json\/wp\/v2\/types\/post"}],"author":[{"embeddable":true,"href":"https:\/\/welterbe-grumsin.de\/pl\/wp-json\/wp\/v2\/users\/2"}],"replies":[{"embeddable":true,"href":"https:\/\/welterbe-grumsin.de\/pl\/wp-json\/wp\/v2\/comments?post=7559"}],"version-history":[{"count":1,"href":"https:\/\/welterbe-grumsin.de\/pl\/wp-json\/wp\/v2\/posts\/7559\/revisions"}],"predecessor-version":[{"id":7560,"href":"https:\/\/welterbe-grumsin.de\/pl\/wp-json\/wp\/v2\/posts\/7559\/revisions\/7560"}],"wp:featuredmedia":[{"embeddable":true,"href":"https:\/\/welterbe-grumsin.de\/pl\/wp-json\/wp\/v2\/media\/6788"}],"wp:attachment":[{"href":"https:\/\/welterbe-grumsin.de\/pl\/wp-json\/wp\/v2\/media?parent=7559"}],"wp:term":[{"taxonomy":"category","embeddable":true,"href":"https:\/\/welterbe-grumsin.de\/pl\/wp-json\/wp\/v2\/categories?post=7559"},{"taxonomy":"post_tag","embeddable":true,"href":"https:\/\/welterbe-grumsin.de\/pl\/wp-json\/wp\/v2\/tags?post=7559"}],"curies":[{"name":"wp","href":"https:\/\/api.w.org\/{rel}","templated":true}]}}